{"id":41713,"date":"2024-05-20T01:10:11","date_gmt":"2024-05-19T23:10:11","guid":{"rendered":"https:\/\/www.black-jaguar.org\/?p=41713"},"modified":"2024-05-20T01:10:11","modified_gmt":"2024-05-19T23:10:11","slug":"dia-internacional-biodiversidade-2024","status":"publish","type":"post","link":"https:\/\/www.black-jaguar.org\/pt-br\/dia-internacional-biodiversidade-2024\/","title":{"rendered":"Dia Internacional da Biodiversidade: como nosso projeto contribui para a preserva\u00e7\u00e3o das esp\u00e9cies locais."},"content":{"rendered":"[vc_row type=&#8221;in_container&#8221; full_screen_row_position=&#8221;middle&#8221; column_margin=&#8221;default&#8221; column_direction=&#8221;default&#8221; column_direction_tablet=&#8221;default&#8221; column_direction_phone=&#8221;default&#8221; scene_position=&#8221;center&#8221; text_color=&#8221;dark&#8221; text_align=&#8221;left&#8221; row_border_radius=&#8221;none&#8221; row_border_radius_applies=&#8221;bg&#8221; overflow=&#8221;visible&#8221; overlay_strength=&#8221;0.3&#8243; gradient_direction=&#8221;left_to_right&#8221; shape_divider_position=&#8221;bottom&#8221; bg_image_animation=&#8221;none&#8221;][vc_column column_padding=&#8221;no-extra-padding&#8221; column_padding_tablet=&#8221;inherit&#8221; column_padding_phone=&#8221;inherit&#8221; column_padding_position=&#8221;all&#8221; column_element_direction_desktop=&#8221;default&#8221; column_element_spacing=&#8221;default&#8221; desktop_text_alignment=&#8221;default&#8221; tablet_text_alignment=&#8221;default&#8221; phone_text_alignment=&#8221;default&#8221; background_color_opacity=&#8221;1&#8243; background_hover_color_opacity=&#8221;1&#8243; column_backdrop_filter=&#8221;none&#8221; column_shadow=&#8221;none&#8221; column_border_radius=&#8221;none&#8221; column_link_target=&#8221;_self&#8221; column_position=&#8221;default&#8221; gradient_direction=&#8221;left_to_right&#8221; overlay_strength=&#8221;0.3&#8243; width=&#8221;1\/1&#8243; tablet_width_inherit=&#8221;default&#8221; animation_type=&#8221;default&#8221; bg_image_animation=&#8221;none&#8221; border_type=&#8221;simple&#8221; column_border_width=&#8221;none&#8221; column_border_style=&#8221;solid&#8221;][vc_column_text css=&#8221;&#8221; text_direction=&#8221;default&#8221;]Amanh\u00e3 \u00e9 celebrado o <strong>Dia Internacional da Biodiversidade<\/strong>! E, al\u00e9m de explicar a import\u00e2ncia da biodiversidade, n\u00f3s queremos mostrar de que forma o trabalho que realizamos, e que voc\u00ea apoia, contribui para a manuten\u00e7\u00e3o e preserva\u00e7\u00e3o da biodiversidade da Floresta Amaz\u00f4nica e do Cerrado.[\/vc_column_text][divider line_type=&#8221;No Line&#8221;][image_with_animation image_url=&#8221;41714&#8243; image_size=&#8221;full&#8221; animation_type=&#8221;entrance&#8221; animation=&#8221;None&#8221; animation_movement_type=&#8221;transform_y&#8221; hover_animation=&#8221;none&#8221; alignment=&#8221;center&#8221; border_radius=&#8221;none&#8221; box_shadow=&#8221;none&#8221; image_loading=&#8221;default&#8221; max_width=&#8221;100%&#8221; max_width_mobile=&#8221;default&#8221;][divider line_type=&#8221;No Line&#8221;][split_line_heading animation_type=&#8221;line-reveal-by-space&#8221; font_style=&#8221;h1&#8243; line_reveal_by_space_text_effect=&#8221;default&#8221; content_alignment=&#8221;default&#8221; mobile_content_alignment=&#8221;inherit&#8221; link_target=&#8221;_self&#8221; text_content=&#8221;O que \u00e9 biodiversidade?&#8221; text_direction=&#8221;default&#8221;][\/split_line_heading][divider line_type=&#8221;No Line&#8221;][vc_column_text css=&#8221;&#8221; text_direction=&#8221;default&#8221;]Do pl\u00e2ncton em nossos oceanos \u00e0s on\u00e7as que vivem em nossas florestas, a biodiversidade \u00e9 a totalidade variada e distinta de todas as formas de vida na Terra.<\/p>\n<p>E para um ecossistema permane\u00e7a saud\u00e1vel, ele deve manter a sua biodiversidade. Isso porque cada esp\u00e9cie realiza diferentes tarefas dentro de um ecossistema, e \u00e9 o equil\u00edbrio dessas tarefas que o mant\u00e9m funcionando e vivo.<\/p>\n<p>De forma simplificada: assim como uma empresa multinacional n\u00e3o seria capaz de funcionar sem uma combina\u00e7\u00e3o de CEOs, gerentes e estagi\u00e1rios; um ecossistema n\u00e3o pode sobreviver sem uma mistura sin\u00e9rgica de flora e fauna, predadores e presas, animais herb\u00edvoros e on\u00edvoros.<\/p>\n<p>Ecossistemas saud\u00e1veis fornecem servi\u00e7os e produtos necess\u00e1rios para a sobreviv\u00eancia humana. Por exemplo, as florestas tropicais nos fornecem \u00e1gua limpa, oxig\u00eanio, alimentos e rem\u00e9dios.[\/vc_column_text][divider line_type=&#8221;No Line&#8221;][split_line_heading animation_type=&#8221;line-reveal-by-space&#8221; font_style=&#8221;h1&#8243; line_reveal_by_space_text_effect=&#8221;default&#8221; content_alignment=&#8221;default&#8221; mobile_content_alignment=&#8221;inherit&#8221; link_target=&#8221;_self&#8221; text_content=&#8221;Como a Black Jaguar Foundation contribui para promover a Biodiversidade?&#8221; text_direction=&#8221;default&#8221;][\/split_line_heading][divider line_type=&#8221;No Line&#8221;][vc_column_text css=&#8221;&#8221; text_direction=&#8221;default&#8221;]Nosso objetivo n\u00e3o \u00e9 apenas reflorestar, mas restaurar ecologicamente o Araguaia. Cada hectare de terra a ser restaurado \u00e9 mapeado para que possamos plantar uma extensa variedade de esp\u00e9cies.<\/p>\n<p>Atualmente, em nossos projetos, utilizamos mais de 70 \u00e1rvores nativas. Grande parte delas s\u00e3o adquiridas diretamente da nossa rede de sementes, a Ressemear. E frequentemente nos juntamos aos coletores e sa\u00edmos em expedi\u00e7\u00e3o com o objetivo de mapear novas esp\u00e9cies de sementes para a produ\u00e7\u00e3o de mudas em nosso viveiro. Dessas, alguns grupos adaptados a condi\u00e7\u00f5es de encharcamento do solo e outros a lugares mais secos.[\/vc_column_text][divider line_type=&#8221;No Line&#8221;][image_with_animation image_url=&#8221;41718&#8243; image_size=&#8221;full&#8221; animation_type=&#8221;entrance&#8221; animation=&#8221;None&#8221; animation_movement_type=&#8221;transform_y&#8221; hover_animation=&#8221;none&#8221; alignment=&#8221;center&#8221; border_radius=&#8221;none&#8221; box_shadow=&#8221;none&#8221; image_loading=&#8221;default&#8221; max_width=&#8221;100%&#8221; max_width_mobile=&#8221;default&#8221;][divider line_type=&#8221;No Line&#8221;][vc_column_text css=&#8221;&#8221; text_direction=&#8221;default&#8221;]Recentemente, encontramos 7 esp\u00e9cies que crescem nas \u00e1reas alagadas do Rio Araguaia e que podem ser utilizadas em nossos projetos de restaura\u00e7\u00e3o \u2013 aumentando a biodiversidade de nossos plantios.<\/p>\n<p>E os resultados j\u00e1 podem ser percebidos quando visitamos as \u00e1reas de restaura\u00e7\u00e3o. \u00c1rvores que n\u00e3o foram plantadas por n\u00f3s j\u00e1 est\u00e3o crescendo, animais s\u00e3o vistos e pouco a pouco transformamos a paisagem das margens do Rio Araguaia.[\/vc_column_text][divider line_type=&#8221;No Line&#8221;][vc_video link=&#8221;https:\/\/vimeo.com\/948069300&#8243; css=&#8221;&#8221;][divider line_type=&#8221;No Line&#8221;][vc_column_text css=&#8221;&#8221; text_direction=&#8221;default&#8221;]Se voc\u00ea quer fazer parte dessa mudan\u00e7a, apoie o Corredor de Biodiversidade do Araguaia! Sua contribui\u00e7\u00e3o permitir\u00e1 que a biodiversidade se preserve e que a Floresta Amaz\u00f4nia e o Cerrado sejam recuperados![\/vc_column_text][divider line_type=&#8221;No Line&#8221;][\/vc_column][\/vc_row][vc_row type=&#8221;in_container&#8221; full_screen_row_position=&#8221;middle&#8221; column_margin=&#8221;default&#8221; column_direction=&#8221;default&#8221; column_direction_tablet=&#8221;default&#8221; column_direction_phone=&#8221;default&#8221; scene_position=&#8221;center&#8221; text_color=&#8221;dark&#8221; text_align=&#8221;left&#8221; row_border_radius=&#8221;none&#8221; row_border_radius_applies=&#8221;bg&#8221; overflow=&#8221;visible&#8221; overlay_strength=&#8221;0.3&#8243; gradient_direction=&#8221;left_to_right&#8221; shape_divider_position=&#8221;bottom&#8221; bg_image_animation=&#8221;none&#8221;][vc_column column_padding=&#8221;no-extra-padding&#8221; column_padding_tablet=&#8221;inherit&#8221; column_padding_phone=&#8221;inherit&#8221; column_padding_position=&#8221;all&#8221; column_element_direction_desktop=&#8221;default&#8221; column_element_spacing=&#8221;default&#8221; desktop_text_alignment=&#8221;default&#8221; tablet_text_alignment=&#8221;default&#8221; phone_text_alignment=&#8221;default&#8221; background_color_opacity=&#8221;1&#8243; background_hover_color_opacity=&#8221;1&#8243; column_backdrop_filter=&#8221;none&#8221; column_shadow=&#8221;none&#8221; column_border_radius=&#8221;none&#8221; column_link_target=&#8221;_self&#8221; column_position=&#8221;default&#8221; gradient_direction=&#8221;left_to_right&#8221; overlay_strength=&#8221;0.3&#8243; width=&#8221;1\/1&#8243; tablet_width_inherit=&#8221;default&#8221; animation_type=&#8221;default&#8221; bg_image_animation=&#8221;none&#8221; border_type=&#8221;simple&#8221; column_border_width=&#8221;none&#8221; column_border_style=&#8221;solid&#8221;]<div class=\"sharing-default-minimal\"><div class=\"nectar-social default\" data-position=\"left\" data-color-override=\"only_when_needed\"><div class=\"nectar-social-inner\"><a class='facebook-share nectar-sharing' href='#' title='Share this'>  <i class='fa fa-facebook'><\/i> <span class='social-text'>Share<\/span> <\/a><a class='twitter-share nectar-sharing' href='#' title='Share this'> <i class='fa icon-salient-x-twitter'><\/i> <span class='social-text'>Share<\/span> <\/a><a class='linkedin-share nectar-sharing' href='#' title='Share this'> <i class='fa fa-linkedin'><\/i> <span class='social-text'>Share<\/span> <\/a><\/div><\/div><\/div>[divider line_type=&#8221;No Line&#8221;][vc_column_text css=&#8221;&#8221; text_direction=&#8221;default&#8221;]\n<h5 style=\"text-align: center;\"><strong>Gostaria de se juntar a n\u00f3s na realiza\u00e7\u00e3o de um dos maiores corredores de biodiversidade do mundo? Fa\u00e7a parte dos Primeiros 600 <a href=\"https:\/\/www.black-jaguar.org\/pt-br\/the-first600\/\" target=\"_blank\" rel=\"noopener\">AQUI<\/a>.<\/strong><\/h5>\n[\/vc_column_text][divider line_type=&#8221;No Line&#8221;][\/vc_column][\/vc_row][vc_row type=&#8221;in_container&#8221; full_screen_row_position=&#8221;middle&#8221; column_margin=&#8221;default&#8221; column_direction=&#8221;default&#8221; column_direction_tablet=&#8221;default&#8221; column_direction_phone=&#8221;default&#8221; scene_position=&#8221;center&#8221; text_color=&#8221;dark&#8221; text_align=&#8221;left&#8221; row_border_radius=&#8221;none&#8221; row_border_radius_applies=&#8221;bg&#8221; overflow=&#8221;visible&#8221; overlay_strength=&#8221;0.3&#8243; gradient_direction=&#8221;left_to_right&#8221; shape_divider_position=&#8221;bottom&#8221; bg_image_animation=&#8221;none&#8221;][vc_column column_padding=&#8221;no-extra-padding&#8221; column_padding_tablet=&#8221;inherit&#8221; column_padding_phone=&#8221;inherit&#8221; column_padding_position=&#8221;all&#8221; column_element_direction_desktop=&#8221;default&#8221; column_element_spacing=&#8221;default&#8221; desktop_text_alignment=&#8221;default&#8221; tablet_text_alignment=&#8221;default&#8221; phone_text_alignment=&#8221;default&#8221; background_color_opacity=&#8221;1&#8243; background_hover_color_opacity=&#8221;1&#8243; column_backdrop_filter=&#8221;none&#8221; column_shadow=&#8221;none&#8221; column_border_radius=&#8221;none&#8221; column_link_target=&#8221;_self&#8221; column_position=&#8221;default&#8221; gradient_direction=&#8221;left_to_right&#8221; overlay_strength=&#8221;0.3&#8243; width=&#8221;1\/1&#8243; tablet_width_inherit=&#8221;default&#8221; animation_type=&#8221;default&#8221; bg_image_animation=&#8221;none&#8221; border_type=&#8221;simple&#8221; column_border_width=&#8221;none&#8221; column_border_style=&#8221;solid&#8221;][\/vc_column][\/vc_row][vc_row type=&#8221;in_container&#8221; full_screen_row_position=&#8221;middle&#8221; column_margin=&#8221;default&#8221; column_direction=&#8221;default&#8221; column_direction_tablet=&#8221;default&#8221; column_direction_phone=&#8221;default&#8221; scene_position=&#8221;center&#8221; text_color=&#8221;dark&#8221; text_align=&#8221;left&#8221; row_border_radius=&#8221;none&#8221; row_border_radius_applies=&#8221;bg&#8221; overflow=&#8221;visible&#8221; overlay_strength=&#8221;0.3&#8243; gradient_direction=&#8221;left_to_right&#8221; shape_divider_position=&#8221;bottom&#8221; bg_image_animation=&#8221;none&#8221;][vc_column column_padding=&#8221;no-extra-padding&#8221; column_padding_tablet=&#8221;inherit&#8221; column_padding_phone=&#8221;inherit&#8221; column_padding_position=&#8221;all&#8221; column_element_direction_desktop=&#8221;default&#8221; column_element_spacing=&#8221;default&#8221; desktop_text_alignment=&#8221;default&#8221; tablet_text_alignment=&#8221;default&#8221; phone_text_alignment=&#8221;default&#8221; background_color_opacity=&#8221;1&#8243; background_hover_color_opacity=&#8221;1&#8243; column_backdrop_filter=&#8221;none&#8221; column_shadow=&#8221;none&#8221; column_border_radius=&#8221;none&#8221; column_link_target=&#8221;_self&#8221; column_position=&#8221;default&#8221; gradient_direction=&#8221;left_to_right&#8221; overlay_strength=&#8221;0.3&#8243; width=&#8221;1\/1&#8243; tablet_width_inherit=&#8221;default&#8221; animation_type=&#8221;default&#8221; bg_image_animation=&#8221;none&#8221; border_type=&#8221;simple&#8221; column_border_width=&#8221;none&#8221; column_border_style=&#8221;solid&#8221;][\/vc_column][\/vc_row][vc_row type=&#8221;in_container&#8221; full_screen_row_position=&#8221;middle&#8221; column_margin=&#8221;default&#8221; column_direction=&#8221;default&#8221; column_direction_tablet=&#8221;default&#8221; column_direction_phone=&#8221;default&#8221; scene_position=&#8221;center&#8221; text_color=&#8221;dark&#8221; text_align=&#8221;left&#8221; row_border_radius=&#8221;none&#8221; row_border_radius_applies=&#8221;bg&#8221; overflow=&#8221;visible&#8221; overlay_strength=&#8221;0.3&#8243; gradient_direction=&#8221;left_to_right&#8221; shape_divider_position=&#8221;bottom&#8221; bg_image_animation=&#8221;none&#8221;][vc_column column_padding=&#8221;no-extra-padding&#8221; column_padding_tablet=&#8221;inherit&#8221; column_padding_phone=&#8221;inherit&#8221; column_padding_position=&#8221;all&#8221; column_element_direction_desktop=&#8221;default&#8221; column_element_spacing=&#8221;default&#8221; desktop_text_alignment=&#8221;default&#8221; tablet_text_alignment=&#8221;default&#8221; phone_text_alignment=&#8221;default&#8221; background_color_opacity=&#8221;1&#8243; background_hover_color_opacity=&#8221;1&#8243; column_backdrop_filter=&#8221;none&#8221; column_shadow=&#8221;none&#8221; column_border_radius=&#8221;none&#8221; column_link_target=&#8221;_self&#8221; column_position=&#8221;default&#8221; gradient_direction=&#8221;left_to_right&#8221; overlay_strength=&#8221;0.3&#8243; width=&#8221;1\/1&#8243; tablet_width_inherit=&#8221;default&#8221; animation_type=&#8221;default&#8221; bg_image_animation=&#8221;none&#8221; border_type=&#8221;simple&#8221; column_border_width=&#8221;none&#8221; column_border_style=&#8221;solid&#8221;][\/vc_column][\/vc_row]\n","protected":false},"excerpt":{"rendered":"<p>[vc_row type=&#8221;in_container&#8221; full_screen_row_position=&#8221;middle&#8221; column_margin=&#8221;default&#8221; column_direction=&#8221;default&#8221; column_direction_tablet=&#8221;default&#8221; column_direction_phone=&#8221;default&#8221; scene_position=&#8221;center&#8221; text_color=&#8221;dark&#8221; text_align=&#8221;left&#8221; row_border_radius=&#8221;none&#8221; row_border_radius_applies=&#8221;bg&#8221; overflow=&#8221;visible&#8221; overlay_strength=&#8221;0.3&#8243; gradient_direction=&#8221;left_to_right&#8221; shape_divider_position=&#8221;bottom&#8221; bg_image_animation=&#8221;none&#8221;][vc_column column_padding=&#8221;no-extra-padding&#8221; column_padding_tablet=&#8221;inherit&#8221; column_padding_phone=&#8221;inherit&#8221; column_padding_position=&#8221;all&#8221; column_element_direction_desktop=&#8221;default&#8221; column_element_spacing=&#8221;default&#8221; desktop_text_alignment=&#8221;default&#8221; tablet_text_alignment=&#8221;default&#8221; phone_text_alignment=&#8221;default&#8221; background_color_opacity=&#8221;1&#8243; background_hover_color_opacity=&#8221;1&#8243; column_backdrop_filter=&#8221;none&#8221; column_shadow=&#8221;none&#8221;&#8230;<\/p>\n","protected":false},"author":57,"featured_media":41717,"comment_status":"closed","ping_status":"closed","sticky":false,"template":"","format":"standard","meta":{"footnotes":""},"categories":[82],"tags":[],"class_list":{"0":"post-41713","1":"post","2":"type-post","3":"status-publish","4":"format-standard","5":"has-post-thumbnail","7":"category-news-home-pt-br"},"yoast_head":"<!-- This site is optimized with the Yoast SEO plugin v27.4 - https:\/\/yoast.com\/product\/yoast-seo-wordpress\/ -->\n<title>Dia Internacional da Biodiversidade: como nosso projeto contribui para a preserva\u00e7\u00e3o das esp\u00e9cies locais. - Black Jaguar Foundation<\/title>\n<meta name=\"description\" content=\"\u00c9 Dia Internacional da Biodiversidade! E, al\u00e9m de explicar a import\u00e2ncia da biodiversidade, n\u00f3s queremos mostrar de que forma o trabalho que realizamos, e que voc\u00ea apoia, contribui para a manuten\u00e7\u00e3o e preserva\u00e7\u00e3o da biodiversidade da Floresta Amaz\u00f4nica e do Cerrado.\" \/>\n<meta name=\"robots\" content=\"index, follow, max-snippet:-1, max-image-preview:large, max-video-preview:-1\" \/>\n<link rel=\"canonical\" href=\"https:\/\/www.black-jaguar.org\/pt-br\/dia-internacional-biodiversidade-2024\/\" \/>\n<meta property=\"og:locale\" content=\"pt_BR\" \/>\n<meta property=\"og:type\" content=\"article\" \/>\n<meta property=\"og:title\" content=\"Dia Internacional da Biodiversidade: como nosso projeto contribui para a preserva\u00e7\u00e3o das esp\u00e9cies locais. - Black Jaguar Foundation\" \/>\n<meta property=\"og:description\" content=\"\u00c9 Dia Internacional da Biodiversidade! E, al\u00e9m de explicar a import\u00e2ncia da biodiversidade, n\u00f3s queremos mostrar de que forma o trabalho que realizamos, e que voc\u00ea apoia, contribui para a manuten\u00e7\u00e3o e preserva\u00e7\u00e3o da biodiversidade da Floresta Amaz\u00f4nica e do Cerrado.\" \/>\n<meta property=\"og:url\" content=\"https:\/\/www.black-jaguar.org\/pt-br\/dia-internacional-biodiversidade-2024\/\" \/>\n<meta property=\"og:site_name\" content=\"Black Jaguar Foundation\" \/>\n<meta property=\"article:published_time\" content=\"2024-05-19T23:10:11+00:00\" \/>\n<meta property=\"og:image\" content=\"https:\/\/www.black-jaguar.org\/wp-content\/uploads\/2024\/05\/biodiversity_featured.png\" \/>\n\t<meta property=\"og:image:width\" content=\"560\" \/>\n\t<meta property=\"og:image:height\" content=\"374\" \/>\n\t<meta property=\"og:image:type\" content=\"image\/png\" \/>\n<meta name=\"author\" content=\"Ana Paula Mendes\" \/>\n<meta name=\"twitter:card\" content=\"summary_large_image\" \/>\n<meta name=\"twitter:label1\" content=\"Escrito por\" \/>\n\t<meta name=\"twitter:data1\" content=\"Ana Paula Mendes\" \/>\n\t<meta name=\"twitter:label2\" content=\"Est. tempo de leitura\" \/>\n\t<meta name=\"twitter:data2\" content=\"4 minutos\" \/>\n<script type=\"application\/ld+json\" class=\"yoast-schema-graph\">{\"@context\":\"https:\\\/\\\/schema.org\",\"@graph\":[{\"@type\":\"Article\",\"@id\":\"https:\\\/\\\/www.black-jaguar.org\\\/pt-br\\\/dia-internacional-biodiversidade-2024\\\/#article\",\"isPartOf\":{\"@id\":\"https:\\\/\\\/www.black-jaguar.org\\\/pt-br\\\/dia-internacional-biodiversidade-2024\\\/\"},\"author\":{\"name\":\"Ana Paula Mendes\",\"@id\":\"https:\\\/\\\/www.black-jaguar.org\\\/pt-br\\\/#\\\/schema\\\/person\\\/c3bb0ccb39c1d5102f2fbff235906901\"},\"headline\":\"Dia Internacional da Biodiversidade: como nosso projeto contribui para a preserva\u00e7\u00e3o das esp\u00e9cies locais.\",\"datePublished\":\"2024-05-19T23:10:11+00:00\",\"mainEntityOfPage\":{\"@id\":\"https:\\\/\\\/www.black-jaguar.org\\\/pt-br\\\/dia-internacional-biodiversidade-2024\\\/\"},\"wordCount\":1515,\"publisher\":{\"@id\":\"https:\\\/\\\/www.black-jaguar.org\\\/pt-br\\\/#organization\"},\"image\":{\"@id\":\"https:\\\/\\\/www.black-jaguar.org\\\/pt-br\\\/dia-internacional-biodiversidade-2024\\\/#primaryimage\"},\"thumbnailUrl\":\"https:\\\/\\\/www.black-jaguar.org\\\/wp-content\\\/uploads\\\/2024\\\/05\\\/biodiversity_featured.png\",\"articleSection\":[\"News Home\"],\"inLanguage\":\"pt-BR\"},{\"@type\":\"WebPage\",\"@id\":\"https:\\\/\\\/www.black-jaguar.org\\\/pt-br\\\/dia-internacional-biodiversidade-2024\\\/\",\"url\":\"https:\\\/\\\/www.black-jaguar.org\\\/pt-br\\\/dia-internacional-biodiversidade-2024\\\/\",\"name\":\"Dia Internacional da Biodiversidade: como nosso projeto contribui para a preserva\u00e7\u00e3o das esp\u00e9cies locais. - Black Jaguar Foundation\",\"isPartOf\":{\"@id\":\"https:\\\/\\\/www.black-jaguar.org\\\/pt-br\\\/#website\"},\"primaryImageOfPage\":{\"@id\":\"https:\\\/\\\/www.black-jaguar.org\\\/pt-br\\\/dia-internacional-biodiversidade-2024\\\/#primaryimage\"},\"image\":{\"@id\":\"https:\\\/\\\/www.black-jaguar.org\\\/pt-br\\\/dia-internacional-biodiversidade-2024\\\/#primaryimage\"},\"thumbnailUrl\":\"https:\\\/\\\/www.black-jaguar.org\\\/wp-content\\\/uploads\\\/2024\\\/05\\\/biodiversity_featured.png\",\"datePublished\":\"2024-05-19T23:10:11+00:00\",\"description\":\"\u00c9 Dia Internacional da Biodiversidade! E, al\u00e9m de explicar a import\u00e2ncia da biodiversidade, n\u00f3s queremos mostrar de que forma o trabalho que realizamos, e que voc\u00ea apoia, contribui para a manuten\u00e7\u00e3o e preserva\u00e7\u00e3o da biodiversidade da Floresta Amaz\u00f4nica e do Cerrado.\",\"breadcrumb\":{\"@id\":\"https:\\\/\\\/www.black-jaguar.org\\\/pt-br\\\/dia-internacional-biodiversidade-2024\\\/#breadcrumb\"},\"inLanguage\":\"pt-BR\",\"potentialAction\":[{\"@type\":\"ReadAction\",\"target\":[\"https:\\\/\\\/www.black-jaguar.org\\\/pt-br\\\/dia-internacional-biodiversidade-2024\\\/\"]}]},{\"@type\":\"ImageObject\",\"inLanguage\":\"pt-BR\",\"@id\":\"https:\\\/\\\/www.black-jaguar.org\\\/pt-br\\\/dia-internacional-biodiversidade-2024\\\/#primaryimage\",\"url\":\"https:\\\/\\\/www.black-jaguar.org\\\/wp-content\\\/uploads\\\/2024\\\/05\\\/biodiversity_featured.png\",\"contentUrl\":\"https:\\\/\\\/www.black-jaguar.org\\\/wp-content\\\/uploads\\\/2024\\\/05\\\/biodiversity_featured.png\",\"width\":560,\"height\":374},{\"@type\":\"BreadcrumbList\",\"@id\":\"https:\\\/\\\/www.black-jaguar.org\\\/pt-br\\\/dia-internacional-biodiversidade-2024\\\/#breadcrumb\",\"itemListElement\":[{\"@type\":\"ListItem\",\"position\":1,\"name\":\"Home\",\"item\":\"https:\\\/\\\/www.black-jaguar.org\\\/pt-br\\\/\"},{\"@type\":\"ListItem\",\"position\":2,\"name\":\"Dia Internacional da Biodiversidade: como nosso projeto contribui para a preserva\u00e7\u00e3o das esp\u00e9cies locais.\"}]},{\"@type\":\"WebSite\",\"@id\":\"https:\\\/\\\/www.black-jaguar.org\\\/pt-br\\\/#website\",\"url\":\"https:\\\/\\\/www.black-jaguar.org\\\/pt-br\\\/\",\"name\":\"Black Jaguar Foundation\",\"description\":\"realising the largest biodiversity corridor on earth\",\"publisher\":{\"@id\":\"https:\\\/\\\/www.black-jaguar.org\\\/pt-br\\\/#organization\"},\"potentialAction\":[{\"@type\":\"SearchAction\",\"target\":{\"@type\":\"EntryPoint\",\"urlTemplate\":\"https:\\\/\\\/www.black-jaguar.org\\\/pt-br\\\/?s={search_term_string}\"},\"query-input\":{\"@type\":\"PropertyValueSpecification\",\"valueRequired\":true,\"valueName\":\"search_term_string\"}}],\"inLanguage\":\"pt-BR\"},{\"@type\":\"Organization\",\"@id\":\"https:\\\/\\\/www.black-jaguar.org\\\/pt-br\\\/#organization\",\"name\":\"Black Jaguar Foundation\",\"url\":\"https:\\\/\\\/www.black-jaguar.org\\\/pt-br\\\/\",\"logo\":{\"@type\":\"ImageObject\",\"inLanguage\":\"pt-BR\",\"@id\":\"https:\\\/\\\/www.black-jaguar.org\\\/pt-br\\\/#\\\/schema\\\/logo\\\/image\\\/\",\"url\":\"https:\\\/\\\/www.black-jaguar.org\\\/wp-content\\\/uploads\\\/2021\\\/07\\\/2.-PNG_BJF_LOGO_21_April_2020-1.png\",\"contentUrl\":\"https:\\\/\\\/www.black-jaguar.org\\\/wp-content\\\/uploads\\\/2021\\\/07\\\/2.-PNG_BJF_LOGO_21_April_2020-1.png\",\"width\":519,\"height\":537,\"caption\":\"Black Jaguar Foundation\"},\"image\":{\"@id\":\"https:\\\/\\\/www.black-jaguar.org\\\/pt-br\\\/#\\\/schema\\\/logo\\\/image\\\/\"}},{\"@type\":\"Person\",\"@id\":\"https:\\\/\\\/www.black-jaguar.org\\\/pt-br\\\/#\\\/schema\\\/person\\\/c3bb0ccb39c1d5102f2fbff235906901\",\"name\":\"Ana Paula Mendes\",\"image\":{\"@type\":\"ImageObject\",\"inLanguage\":\"pt-BR\",\"@id\":\"https:\\\/\\\/secure.gravatar.com\\\/avatar\\\/239f795260150786312c9ada87e81ff94fa5ce3a9faa02189d7db665b164497e?s=96&d=mm&r=g\",\"url\":\"https:\\\/\\\/secure.gravatar.com\\\/avatar\\\/239f795260150786312c9ada87e81ff94fa5ce3a9faa02189d7db665b164497e?s=96&d=mm&r=g\",\"contentUrl\":\"https:\\\/\\\/secure.gravatar.com\\\/avatar\\\/239f795260150786312c9ada87e81ff94fa5ce3a9faa02189d7db665b164497e?s=96&d=mm&r=g\",\"caption\":\"Ana Paula Mendes\"},\"url\":\"https:\\\/\\\/www.black-jaguar.org\\\/pt-br\\\/author\\\/a-mendesblack-jaguar-org\\\/\"}]}<\/script>\n<!-- \/ Yoast SEO plugin. -->","yoast_head_json":{"title":"Dia Internacional da Biodiversidade: como nosso projeto contribui para a preserva\u00e7\u00e3o das esp\u00e9cies locais. - Black Jaguar Foundation","description":"\u00c9 Dia Internacional da Biodiversidade! E, al\u00e9m de explicar a import\u00e2ncia da biodiversidade, n\u00f3s queremos mostrar de que forma o trabalho que realizamos, e que voc\u00ea apoia, contribui para a manuten\u00e7\u00e3o e preserva\u00e7\u00e3o da biodiversidade da Floresta Amaz\u00f4nica e do Cerrado.","robots":{"index":"index","follow":"follow","max-snippet":"max-snippet:-1","max-image-preview":"max-image-preview:large","max-video-preview":"max-video-preview:-1"},"canonical":"https:\/\/www.black-jaguar.org\/pt-br\/dia-internacional-biodiversidade-2024\/","og_locale":"pt_BR","og_type":"article","og_title":"Dia Internacional da Biodiversidade: como nosso projeto contribui para a preserva\u00e7\u00e3o das esp\u00e9cies locais. - Black Jaguar Foundation","og_description":"\u00c9 Dia Internacional da Biodiversidade! E, al\u00e9m de explicar a import\u00e2ncia da biodiversidade, n\u00f3s queremos mostrar de que forma o trabalho que realizamos, e que voc\u00ea apoia, contribui para a manuten\u00e7\u00e3o e preserva\u00e7\u00e3o da biodiversidade da Floresta Amaz\u00f4nica e do Cerrado.","og_url":"https:\/\/www.black-jaguar.org\/pt-br\/dia-internacional-biodiversidade-2024\/","og_site_name":"Black Jaguar Foundation","article_published_time":"2024-05-19T23:10:11+00:00","og_image":[{"width":560,"height":374,"url":"https:\/\/www.black-jaguar.org\/wp-content\/uploads\/2024\/05\/biodiversity_featured.png","type":"image\/png"}],"author":"Ana Paula Mendes","twitter_card":"summary_large_image","twitter_misc":{"Escrito por":"Ana Paula Mendes","Est. tempo de leitura":"4 minutos"},"schema":{"@context":"https:\/\/schema.org","@graph":[{"@type":"Article","@id":"https:\/\/www.black-jaguar.org\/pt-br\/dia-internacional-biodiversidade-2024\/#article","isPartOf":{"@id":"https:\/\/www.black-jaguar.org\/pt-br\/dia-internacional-biodiversidade-2024\/"},"author":{"name":"Ana Paula Mendes","@id":"https:\/\/www.black-jaguar.org\/pt-br\/#\/schema\/person\/c3bb0ccb39c1d5102f2fbff235906901"},"headline":"Dia Internacional da Biodiversidade: como nosso projeto contribui para a preserva\u00e7\u00e3o das esp\u00e9cies locais.","datePublished":"2024-05-19T23:10:11+00:00","mainEntityOfPage":{"@id":"https:\/\/www.black-jaguar.org\/pt-br\/dia-internacional-biodiversidade-2024\/"},"wordCount":1515,"publisher":{"@id":"https:\/\/www.black-jaguar.org\/pt-br\/#organization"},"image":{"@id":"https:\/\/www.black-jaguar.org\/pt-br\/dia-internacional-biodiversidade-2024\/#primaryimage"},"thumbnailUrl":"https:\/\/www.black-jaguar.org\/wp-content\/uploads\/2024\/05\/biodiversity_featured.png","articleSection":["News Home"],"inLanguage":"pt-BR"},{"@type":"WebPage","@id":"https:\/\/www.black-jaguar.org\/pt-br\/dia-internacional-biodiversidade-2024\/","url":"https:\/\/www.black-jaguar.org\/pt-br\/dia-internacional-biodiversidade-2024\/","name":"Dia Internacional da Biodiversidade: como nosso projeto contribui para a preserva\u00e7\u00e3o das esp\u00e9cies locais. - Black Jaguar Foundation","isPartOf":{"@id":"https:\/\/www.black-jaguar.org\/pt-br\/#website"},"primaryImageOfPage":{"@id":"https:\/\/www.black-jaguar.org\/pt-br\/dia-internacional-biodiversidade-2024\/#primaryimage"},"image":{"@id":"https:\/\/www.black-jaguar.org\/pt-br\/dia-internacional-biodiversidade-2024\/#primaryimage"},"thumbnailUrl":"https:\/\/www.black-jaguar.org\/wp-content\/uploads\/2024\/05\/biodiversity_featured.png","datePublished":"2024-05-19T23:10:11+00:00","description":"\u00c9 Dia Internacional da Biodiversidade! E, al\u00e9m de explicar a import\u00e2ncia da biodiversidade, n\u00f3s queremos mostrar de que forma o trabalho que realizamos, e que voc\u00ea apoia, contribui para a manuten\u00e7\u00e3o e preserva\u00e7\u00e3o da biodiversidade da Floresta Amaz\u00f4nica e do Cerrado.","breadcrumb":{"@id":"https:\/\/www.black-jaguar.org\/pt-br\/dia-internacional-biodiversidade-2024\/#breadcrumb"},"inLanguage":"pt-BR","potentialAction":[{"@type":"ReadAction","target":["https:\/\/www.black-jaguar.org\/pt-br\/dia-internacional-biodiversidade-2024\/"]}]},{"@type":"ImageObject","inLanguage":"pt-BR","@id":"https:\/\/www.black-jaguar.org\/pt-br\/dia-internacional-biodiversidade-2024\/#primaryimage","url":"https:\/\/www.black-jaguar.org\/wp-content\/uploads\/2024\/05\/biodiversity_featured.png","contentUrl":"https:\/\/www.black-jaguar.org\/wp-content\/uploads\/2024\/05\/biodiversity_featured.png","width":560,"height":374},{"@type":"BreadcrumbList","@id":"https:\/\/www.black-jaguar.org\/pt-br\/dia-internacional-biodiversidade-2024\/#breadcrumb","itemListElement":[{"@type":"ListItem","position":1,"name":"Home","item":"https:\/\/www.black-jaguar.org\/pt-br\/"},{"@type":"ListItem","position":2,"name":"Dia Internacional da Biodiversidade: como nosso projeto contribui para a preserva\u00e7\u00e3o das esp\u00e9cies locais."}]},{"@type":"WebSite","@id":"https:\/\/www.black-jaguar.org\/pt-br\/#website","url":"https:\/\/www.black-jaguar.org\/pt-br\/","name":"Black Jaguar Foundation","description":"realising the largest biodiversity corridor on earth","publisher":{"@id":"https:\/\/www.black-jaguar.org\/pt-br\/#organization"},"potentialAction":[{"@type":"SearchAction","target":{"@type":"EntryPoint","urlTemplate":"https:\/\/www.black-jaguar.org\/pt-br\/?s={search_term_string}"},"query-input":{"@type":"PropertyValueSpecification","valueRequired":true,"valueName":"search_term_string"}}],"inLanguage":"pt-BR"},{"@type":"Organization","@id":"https:\/\/www.black-jaguar.org\/pt-br\/#organization","name":"Black Jaguar Foundation","url":"https:\/\/www.black-jaguar.org\/pt-br\/","logo":{"@type":"ImageObject","inLanguage":"pt-BR","@id":"https:\/\/www.black-jaguar.org\/pt-br\/#\/schema\/logo\/image\/","url":"https:\/\/www.black-jaguar.org\/wp-content\/uploads\/2021\/07\/2.-PNG_BJF_LOGO_21_April_2020-1.png","contentUrl":"https:\/\/www.black-jaguar.org\/wp-content\/uploads\/2021\/07\/2.-PNG_BJF_LOGO_21_April_2020-1.png","width":519,"height":537,"caption":"Black Jaguar Foundation"},"image":{"@id":"https:\/\/www.black-jaguar.org\/pt-br\/#\/schema\/logo\/image\/"}},{"@type":"Person","@id":"https:\/\/www.black-jaguar.org\/pt-br\/#\/schema\/person\/c3bb0ccb39c1d5102f2fbff235906901","name":"Ana Paula Mendes","image":{"@type":"ImageObject","inLanguage":"pt-BR","@id":"https:\/\/secure.gravatar.com\/avatar\/239f795260150786312c9ada87e81ff94fa5ce3a9faa02189d7db665b164497e?s=96&d=mm&r=g","url":"https:\/\/secure.gravatar.com\/avatar\/239f795260150786312c9ada87e81ff94fa5ce3a9faa02189d7db665b164497e?s=96&d=mm&r=g","contentUrl":"https:\/\/secure.gravatar.com\/avatar\/239f795260150786312c9ada87e81ff94fa5ce3a9faa02189d7db665b164497e?s=96&d=mm&r=g","caption":"Ana Paula Mendes"},"url":"https:\/\/www.black-jaguar.org\/pt-br\/author\/a-mendesblack-jaguar-org\/"}]}},"_links":{"self":[{"href":"https:\/\/www.black-jaguar.org\/pt-br\/wp-json\/wp\/v2\/posts\/41713","targetHints":{"allow":["GET"]}}],"collection":[{"href":"https:\/\/www.black-jaguar.org\/pt-br\/wp-json\/wp\/v2\/posts"}],"about":[{"href":"https:\/\/www.black-jaguar.org\/pt-br\/wp-json\/wp\/v2\/types\/post"}],"author":[{"embeddable":true,"href":"https:\/\/www.black-jaguar.org\/pt-br\/wp-json\/wp\/v2\/users\/57"}],"replies":[{"embeddable":true,"href":"https:\/\/www.black-jaguar.org\/pt-br\/wp-json\/wp\/v2\/comments?post=41713"}],"version-history":[{"count":2,"href":"https:\/\/www.black-jaguar.org\/pt-br\/wp-json\/wp\/v2\/posts\/41713\/revisions"}],"predecessor-version":[{"id":41739,"href":"https:\/\/www.black-jaguar.org\/pt-br\/wp-json\/wp\/v2\/posts\/41713\/revisions\/41739"}],"wp:featuredmedia":[{"embeddable":true,"href":"https:\/\/www.black-jaguar.org\/pt-br\/wp-json\/wp\/v2\/media\/41717"}],"wp:attachment":[{"href":"https:\/\/www.black-jaguar.org\/pt-br\/wp-json\/wp\/v2\/media?parent=41713"}],"wp:term":[{"taxonomy":"category","embeddable":true,"href":"https:\/\/www.black-jaguar.org\/pt-br\/wp-json\/wp\/v2\/categories?post=41713"},{"taxonomy":"post_tag","embeddable":true,"href":"https:\/\/www.black-jaguar.org\/pt-br\/wp-json\/wp\/v2\/tags?post=41713"}],"curies":[{"name":"wp","href":"https:\/\/api.w.org\/{rel}","templated":true}]}}