{"id":39131,"date":"2023-09-17T17:27:50","date_gmt":"2023-09-17T15:27:50","guid":{"rendered":"https:\/\/www.black-jaguar.org\/?p=39131"},"modified":"2023-09-19T23:46:16","modified_gmt":"2023-09-19T21:46:16","slug":"bjf-celebracao-florestas-tropicais","status":"publish","type":"post","link":"https:\/\/www.black-jaguar.org\/pt-br\/bjf-celebracao-florestas-tropicais\/","title":{"rendered":"Black Jaguar se apresenta em evento de celebra\u00e7\u00e3o \u00e0s florestas tropicais"},"content":{"rendered":"[vc_row type=&#8221;in_container&#8221; full_screen_row_position=&#8221;middle&#8221; column_margin=&#8221;default&#8221; column_direction=&#8221;default&#8221; column_direction_tablet=&#8221;default&#8221; column_direction_phone=&#8221;default&#8221; scene_position=&#8221;center&#8221; text_color=&#8221;dark&#8221; text_align=&#8221;left&#8221; row_border_radius=&#8221;none&#8221; row_border_radius_applies=&#8221;bg&#8221; overflow=&#8221;visible&#8221; overlay_strength=&#8221;0.3&#8243; gradient_direction=&#8221;left_to_right&#8221; shape_divider_position=&#8221;bottom&#8221; bg_image_animation=&#8221;none&#8221;][vc_column column_padding=&#8221;no-extra-padding&#8221; column_padding_tablet=&#8221;inherit&#8221; column_padding_phone=&#8221;inherit&#8221; column_padding_position=&#8221;all&#8221; column_element_direction_desktop=&#8221;default&#8221; column_element_spacing=&#8221;default&#8221; desktop_text_alignment=&#8221;default&#8221; tablet_text_alignment=&#8221;default&#8221; phone_text_alignment=&#8221;default&#8221; background_color_opacity=&#8221;1&#8243; background_hover_color_opacity=&#8221;1&#8243; column_backdrop_filter=&#8221;none&#8221; column_shadow=&#8221;none&#8221; column_border_radius=&#8221;none&#8221; column_link_target=&#8221;_self&#8221; column_position=&#8221;default&#8221; gradient_direction=&#8221;left_to_right&#8221; overlay_strength=&#8221;0.3&#8243; width=&#8221;1\/1&#8243; tablet_width_inherit=&#8221;default&#8221; animation_type=&#8221;default&#8221; bg_image_animation=&#8221;none&#8221; border_type=&#8221;simple&#8221; column_border_width=&#8221;none&#8221; column_border_style=&#8221;solid&#8221;][vc_column_text]A Black Jaguar Foundation foi convidada pela Good to Nature, organiza\u00e7\u00e3o sem fins lucrativos sediada na China, para realizar uma apresenta\u00e7\u00e3o virtual das iniciativas da Black Jaguar durante o Festival das Florestas Tropicais. O p\u00fablico era composto principalmente por estudantes, profissionais do setor privado e organiza\u00e7\u00f5es civis da China.<\/p>\n<p>O objetivo era introduzir a Black Jaguar Foundation e o Corredor de Biodiversidade do Araguaia, explicando as principais caracter\u00edsticas de uma das principais florestas tropicais do mundo: a Amaz\u00f4nica. A apresenta\u00e7\u00e3o foi compartilhada na plataforma online mais popular da China, com cerca de 83,5 milh\u00f5es de usu\u00e1rios ativos diariamente.[\/vc_column_text][divider line_type=&#8221;No Line&#8221;][image_with_animation image_url=&#8221;39138&#8243; image_size=&#8221;full&#8221; animation_type=&#8221;entrance&#8221; animation=&#8221;None&#8221; animation_movement_type=&#8221;transform_y&#8221; hover_animation=&#8221;none&#8221; alignment=&#8221;center&#8221; border_radius=&#8221;none&#8221; box_shadow=&#8221;none&#8221; image_loading=&#8221;default&#8221; max_width=&#8221;100%&#8221; max_width_mobile=&#8221;default&#8221;][divider line_type=&#8221;No Line&#8221;][vc_column_text]\n<h5 style=\"text-align: center;\"><strong>Festival das Florestas Tropicais &#8211; Good to Nature<\/strong><\/h5>\n[\/vc_column_text][divider line_type=&#8221;No Line&#8221;][vc_column_text]Devido \u00e0 relativa pequena distribui\u00e7\u00e3o de floresta tropical na China, n\u00e3o h\u00e1 muito conhecimento sobre esses ecossistemas. Por conta disso, a Good to Nature decidiu realizar um festival repleto de atividades e palestra &#8211; dando ao p\u00fablico chin\u00eas a oportunidade de reconhecer a beleza e a import\u00e2ncia das florestas tropicais ao redor do mundo.<\/p>\n<p>O intuito o evento era mostrar a import\u00e2ncia da biodiversidade e da restaura\u00e7\u00e3o desses ecossistemas e, principalmente, promover projetos e atividades ao redor do mundo que trabalham com a prote\u00e7\u00e3o e restaura\u00e7\u00e3o das florestas tropicais.[\/vc_column_text][divider line_type=&#8221;No Line&#8221;][vc_column_text]\n<h5 style=\"text-align: center;\"><strong>Introduzindo a Floresta Amaz\u00f4nica ao p\u00fablico chin\u00eas<\/strong><\/h5>\n[\/vc_column_text][divider line_type=&#8221;No Line&#8221;][image_with_animation image_url=&#8221;39166&#8243; image_size=&#8221;full&#8221; animation_type=&#8221;entrance&#8221; animation=&#8221;None&#8221; animation_movement_type=&#8221;transform_y&#8221; hover_animation=&#8221;none&#8221; alignment=&#8221;center&#8221; border_radius=&#8221;none&#8221; box_shadow=&#8221;none&#8221; image_loading=&#8221;default&#8221; max_width=&#8221;100%&#8221; max_width_mobile=&#8221;default&#8221;][divider line_type=&#8221;No Line&#8221;][vc_column_text]Durante a apresenta\u00e7\u00e3o, Joel Boele, coordenadora de divulga\u00e7\u00e3o comunit\u00e1ria, explicou onde atuamos, as particularidades do Corredor de Biodiversidade do Araguaia, caracter\u00edsticas da fauna e da flora da regi\u00e3o e ressaltou os impactos de nosso projeto para o meio ambiente e para a popula\u00e7\u00e3o.<\/p>\n<p>Foi uma excelente oportunidade para interagir com um p\u00fablico bastante diverso e trocar experi\u00eancia com outros atores do evento. [\/vc_column_text][divider line_type=&#8221;No Line&#8221;][vc_column_text]\n<h5 style=\"text-align: center;\"><strong>Recep\u00e7\u00e3o do p\u00fablico e feedbacks<\/strong><\/h5>\n[\/vc_column_text][divider line_type=&#8221;No Line&#8221;][vc_gallery type=&#8221;parallax_image_grid&#8221; images=&#8221;39171,39175&#8243;][divider line_type=&#8221;No Line&#8221;][vc_column_text]Ap\u00f3s a palestra, os estudantes aplicaram o conhecimento aprendido para projetar pain\u00e9is de exposi\u00e7\u00e3o. Durante a prepara\u00e7\u00e3o, eles n\u00e3o apenas utilizaram o conhecimento repassado pela Black Jaguar, mas tamb\u00e9m aproveitaram para pesquisar mais informa\u00e7\u00f5es sobre a Floresta Amaz\u00f4nica.<\/p>\n<p>Uma semana ap\u00f3s a apresenta\u00e7\u00e3o, a Good to Nature pediu feedback aos estuantes que assistiram \u00e0 apresenta\u00e7\u00e3o. Confira alguns relatos:<\/p>\n<p><em>\u201cComo uma crian\u00e7a que cresceu na cidade, s\u00f3 pude aprender sobre a floresta tropical por meio de document\u00e1rios. Participar deste programa de educa\u00e7\u00e3o cidad\u00e3 da floresta tropical me trouxe muita alegria! Sinto que meu amor pela natureza encontrou um lar e minha vida se tornou mais gratificante. No futuro, espero n\u00e3o apenas promover a import\u00e2ncia da floresta tropical para outras pessoas, mas tamb\u00e9m aplicar o conhecimento que aprendi aqui nos esfor\u00e7os de restaura\u00e7\u00e3o, como o plantio de \u00e1rvores.\u201d<\/em><\/p>\n<p><strong>&#8211; XU Xinyu<\/strong><\/p>\n<p><em>\u201cComo futura guardi\u00e3 da floresta tropical, percebi os desafios desta fun\u00e7\u00e3o. N\u00e3o s\u00f3 existem incidentes inesperados para resolver, mas tamb\u00e9m precisamos responder a perguntas inesperadas dos visitantes. Isso me ensinou a ser adapt\u00e1vel. Tamb\u00e9m aprendi muito sobre a floresta tropical aqui e agora posso compartilhar esse conhecimento com outras pessoas.\u201d<\/em><\/p>\n<p><strong>&#8211; LIU Yichen<\/strong><\/p>\n<p><em>\u201cParticipar do Programa Futuro Guardi\u00e3o da Floresta Tropical me fez perceber a import\u00e2ncia da conserva\u00e7\u00e3o das florestas tropicais, especialmente diante do aquecimento global. A restaura\u00e7\u00e3o da floresta tropical pode ajudar a mitigar o aquecimento global, uma vez que a floresta tropical desempenha um papel crucial no armazenamento de carbono. Al\u00e9m disso, a restaura\u00e7\u00e3o da floresta tropical contribui para a recupera\u00e7\u00e3o dos servi\u00e7os ecossist\u00eamicos, incluindo a regula\u00e7\u00e3o clim\u00e1tica e h\u00eddrica, proporcionando habitats para diversas plantas e animais. Quando o ar e a \u00e1gua est\u00e3o mais limpos, podemos ter um ambiente de vida melhor!\u201d<\/em><\/p>\n<p><strong>&#8211; LI Zhongze<\/strong>[\/vc_column_text][divider line_type=&#8221;No Line&#8221;][vc_column_text]\n<h5 style=\"text-align: center;\"><strong>Sobre a Good to Nature<\/strong><\/h5>\n[\/vc_column_text][divider line_type=&#8221;No Line&#8221;][vc_column_text]A Good to Nature \u00e9 uma organiza\u00e7\u00e3o sem fins lucrativos sediada na China que se dedica \u00e0 restaura\u00e7\u00e3o e \u00e0 prote\u00e7\u00e3o de ecossistemas. A entidade est\u00e1 comprometida em promover a prote\u00e7\u00e3o e revitaliza\u00e7\u00e3o de ecossistemas na China. Ela atua n\u00e3o s\u00f3 na restaura\u00e7\u00e3o das florestas tropicais, mas em promover a import\u00e2ncia das florestas tropicais e encorajar a popula\u00e7\u00e3o chinesa a participar da restaura\u00e7\u00e3o e da prote\u00e7\u00e3o das florestas.<\/p>\n<p>Gostar\u00edamos de agradecer \u00e0 Good do Nature pela oportunidade de apresentar o Corredor de Biodiversidade do Araguaia a um p\u00fablico interessado e disposto a construir um amanh\u00e3 melhor para todos n\u00f3s. \u00c9 gratificante ver tantos jovens determinados a protegerem nossas florestas.[\/vc_column_text][divider line_type=&#8221;No Line&#8221;][\/vc_column][\/vc_row][vc_row type=&#8221;in_container&#8221; full_screen_row_position=&#8221;middle&#8221; column_margin=&#8221;default&#8221; column_direction=&#8221;default&#8221; column_direction_tablet=&#8221;default&#8221; column_direction_phone=&#8221;default&#8221; scene_position=&#8221;center&#8221; text_color=&#8221;dark&#8221; text_align=&#8221;left&#8221; row_border_radius=&#8221;none&#8221; row_border_radius_applies=&#8221;bg&#8221; overflow=&#8221;visible&#8221; overlay_strength=&#8221;0.3&#8243; gradient_direction=&#8221;left_to_right&#8221; shape_divider_position=&#8221;bottom&#8221; bg_image_animation=&#8221;none&#8221;][vc_column column_padding=&#8221;no-extra-padding&#8221; column_padding_tablet=&#8221;inherit&#8221; column_padding_phone=&#8221;inherit&#8221; column_padding_position=&#8221;all&#8221; column_element_direction_desktop=&#8221;default&#8221; column_element_spacing=&#8221;default&#8221; desktop_text_alignment=&#8221;default&#8221; tablet_text_alignment=&#8221;default&#8221; phone_text_alignment=&#8221;default&#8221; background_color_opacity=&#8221;1&#8243; background_hover_color_opacity=&#8221;1&#8243; column_backdrop_filter=&#8221;none&#8221; column_shadow=&#8221;none&#8221; column_border_radius=&#8221;none&#8221; column_link_target=&#8221;_self&#8221; column_position=&#8221;default&#8221; gradient_direction=&#8221;left_to_right&#8221; overlay_strength=&#8221;0.3&#8243; width=&#8221;1\/1&#8243; tablet_width_inherit=&#8221;default&#8221; animation_type=&#8221;default&#8221; bg_image_animation=&#8221;none&#8221; border_type=&#8221;simple&#8221; column_border_width=&#8221;none&#8221; column_border_style=&#8221;solid&#8221;]<div class=\"sharing-default-minimal\"><div class=\"nectar-social default\" data-position=\"left\" data-color-override=\"only_when_needed\"><div class=\"nectar-social-inner\"><a class='facebook-share nectar-sharing' href='#' title='Share this'>  <i class='fa fa-facebook'><\/i> <span class='social-text'>Share<\/span> <\/a><a class='twitter-share nectar-sharing' href='#' title='Share this'> <i class='fa icon-salient-x-twitter'><\/i> <span class='social-text'>Share<\/span> <\/a><a class='linkedin-share nectar-sharing' href='#' title='Share this'> <i class='fa fa-linkedin'><\/i> <span class='social-text'>Share<\/span> <\/a><\/div><\/div><\/div>[divider line_type=&#8221;No Line&#8221;][vc_column_text]\n<h5 style=\"text-align: center;\"><strong>Gostaria de se juntar a n\u00f3s na realiza\u00e7\u00e3o de um dos maiores corredores ecol\u00f3gicos do mundo? Fa\u00e7a parte dos Primeiros 600 <a href=\"https:\/\/www.black-jaguar.org\/pt-br\/the-first600\/\" target=\"_blank\" rel=\"noopener\">AQUI<\/a>.<\/strong><\/h5>\n[\/vc_column_text][divider line_type=&#8221;No Line&#8221;][\/vc_column][\/vc_row][vc_row type=&#8221;in_container&#8221; full_screen_row_position=&#8221;middle&#8221; column_margin=&#8221;default&#8221; column_direction=&#8221;default&#8221; column_direction_tablet=&#8221;default&#8221; column_direction_phone=&#8221;default&#8221; scene_position=&#8221;center&#8221; text_color=&#8221;dark&#8221; text_align=&#8221;left&#8221; row_border_radius=&#8221;none&#8221; row_border_radius_applies=&#8221;bg&#8221; overflow=&#8221;visible&#8221; overlay_strength=&#8221;0.3&#8243; gradient_direction=&#8221;left_to_right&#8221; shape_divider_position=&#8221;bottom&#8221; bg_image_animation=&#8221;none&#8221;][vc_column column_padding=&#8221;no-extra-padding&#8221; column_padding_tablet=&#8221;inherit&#8221; column_padding_phone=&#8221;inherit&#8221; column_padding_position=&#8221;all&#8221; column_element_direction_desktop=&#8221;default&#8221; column_element_spacing=&#8221;default&#8221; desktop_text_alignment=&#8221;default&#8221; tablet_text_alignment=&#8221;default&#8221; phone_text_alignment=&#8221;default&#8221; background_color_opacity=&#8221;1&#8243; background_hover_color_opacity=&#8221;1&#8243; column_backdrop_filter=&#8221;none&#8221; column_shadow=&#8221;none&#8221; column_border_radius=&#8221;none&#8221; column_link_target=&#8221;_self&#8221; column_position=&#8221;default&#8221; gradient_direction=&#8221;left_to_right&#8221; overlay_strength=&#8221;0.3&#8243; width=&#8221;1\/1&#8243; tablet_width_inherit=&#8221;default&#8221; animation_type=&#8221;default&#8221; bg_image_animation=&#8221;none&#8221; border_type=&#8221;simple&#8221; column_border_width=&#8221;none&#8221; column_border_style=&#8221;solid&#8221;][\/vc_column][\/vc_row][vc_row type=&#8221;in_container&#8221; full_screen_row_position=&#8221;middle&#8221; column_margin=&#8221;default&#8221; column_direction=&#8221;default&#8221; column_direction_tablet=&#8221;default&#8221; column_direction_phone=&#8221;default&#8221; scene_position=&#8221;center&#8221; text_color=&#8221;dark&#8221; text_align=&#8221;left&#8221; row_border_radius=&#8221;none&#8221; row_border_radius_applies=&#8221;bg&#8221; overflow=&#8221;visible&#8221; overlay_strength=&#8221;0.3&#8243; gradient_direction=&#8221;left_to_right&#8221; shape_divider_position=&#8221;bottom&#8221; bg_image_animation=&#8221;none&#8221;][vc_column column_padding=&#8221;no-extra-padding&#8221; column_padding_tablet=&#8221;inherit&#8221; column_padding_phone=&#8221;inherit&#8221; column_padding_position=&#8221;all&#8221; column_element_direction_desktop=&#8221;default&#8221; column_element_spacing=&#8221;default&#8221; desktop_text_alignment=&#8221;default&#8221; tablet_text_alignment=&#8221;default&#8221; phone_text_alignment=&#8221;default&#8221; background_color_opacity=&#8221;1&#8243; background_hover_color_opacity=&#8221;1&#8243; column_backdrop_filter=&#8221;none&#8221; column_shadow=&#8221;none&#8221; column_border_radius=&#8221;none&#8221; column_link_target=&#8221;_self&#8221; column_position=&#8221;default&#8221; gradient_direction=&#8221;left_to_right&#8221; overlay_strength=&#8221;0.3&#8243; width=&#8221;1\/1&#8243; tablet_width_inherit=&#8221;default&#8221; animation_type=&#8221;default&#8221; bg_image_animation=&#8221;none&#8221; border_type=&#8221;simple&#8221; column_border_width=&#8221;none&#8221; column_border_style=&#8221;solid&#8221;][\/vc_column][\/vc_row][vc_row type=&#8221;in_container&#8221; full_screen_row_position=&#8221;middle&#8221; column_margin=&#8221;default&#8221; column_direction=&#8221;default&#8221; column_direction_tablet=&#8221;default&#8221; column_direction_phone=&#8221;default&#8221; scene_position=&#8221;center&#8221; text_color=&#8221;dark&#8221; text_align=&#8221;left&#8221; row_border_radius=&#8221;none&#8221; row_border_radius_applies=&#8221;bg&#8221; overflow=&#8221;visible&#8221; overlay_strength=&#8221;0.3&#8243; gradient_direction=&#8221;left_to_right&#8221; shape_divider_position=&#8221;bottom&#8221; bg_image_animation=&#8221;none&#8221;][vc_column column_padding=&#8221;no-extra-padding&#8221; column_padding_tablet=&#8221;inherit&#8221; column_padding_phone=&#8221;inherit&#8221; column_padding_position=&#8221;all&#8221; column_element_direction_desktop=&#8221;default&#8221; column_element_spacing=&#8221;default&#8221; desktop_text_alignment=&#8221;default&#8221; tablet_text_alignment=&#8221;default&#8221; phone_text_alignment=&#8221;default&#8221; background_color_opacity=&#8221;1&#8243; background_hover_color_opacity=&#8221;1&#8243; column_backdrop_filter=&#8221;none&#8221; column_shadow=&#8221;none&#8221; column_border_radius=&#8221;none&#8221; column_link_target=&#8221;_self&#8221; column_position=&#8221;default&#8221; gradient_direction=&#8221;left_to_right&#8221; overlay_strength=&#8221;0.3&#8243; width=&#8221;1\/1&#8243; tablet_width_inherit=&#8221;default&#8221; animation_type=&#8221;default&#8221; bg_image_animation=&#8221;none&#8221; border_type=&#8221;simple&#8221; column_border_width=&#8221;none&#8221; column_border_style=&#8221;solid&#8221;][\/vc_column][\/vc_row]\n","protected":false},"excerpt":{"rendered":"<p>[vc_row type=&#8221;in_container&#8221; full_screen_row_position=&#8221;middle&#8221; column_margin=&#8221;default&#8221; column_direction=&#8221;default&#8221; column_direction_tablet=&#8221;default&#8221; column_direction_phone=&#8221;default&#8221; scene_position=&#8221;center&#8221; text_color=&#8221;dark&#8221; text_align=&#8221;left&#8221; row_border_radius=&#8221;none&#8221; row_border_radius_applies=&#8221;bg&#8221; overflow=&#8221;visible&#8221; overlay_strength=&#8221;0.3&#8243; gradient_direction=&#8221;left_to_right&#8221; shape_divider_position=&#8221;bottom&#8221; bg_image_animation=&#8221;none&#8221;][vc_column column_padding=&#8221;no-extra-padding&#8221; column_padding_tablet=&#8221;inherit&#8221; column_padding_phone=&#8221;inherit&#8221; column_padding_position=&#8221;all&#8221; column_element_direction_desktop=&#8221;default&#8221; column_element_spacing=&#8221;default&#8221; desktop_text_alignment=&#8221;default&#8221; tablet_text_alignment=&#8221;default&#8221; phone_text_alignment=&#8221;default&#8221; background_color_opacity=&#8221;1&#8243; background_hover_color_opacity=&#8221;1&#8243; column_backdrop_filter=&#8221;none&#8221; column_shadow=&#8221;none&#8221;&#8230;<\/p>\n","protected":false},"author":57,"featured_media":39141,"comment_status":"closed","ping_status":"closed","sticky":false,"template":"","format":"standard","meta":{"footnotes":""},"categories":[82],"tags":[],"class_list":{"0":"post-39131","1":"post","2":"type-post","3":"status-publish","4":"format-standard","5":"has-post-thumbnail","7":"category-news-home-pt-br"},"yoast_head":"<!-- This site is optimized with the Yoast SEO plugin v27.4 - https:\/\/yoast.com\/product\/yoast-seo-wordpress\/ -->\n<title>Black Jaguar se apresenta em evento de celebra\u00e7\u00e3o \u00e0s florestas tropicais<\/title>\n<meta name=\"description\" content=\"Apresentamos a Floresta Amaz\u00f4nica e o Corredor de Biodiversidade ao p\u00fablico chin\u00eas durante o Festival das Florestas Tropicais. Confira!\" \/>\n<meta name=\"robots\" content=\"index, follow, max-snippet:-1, max-image-preview:large, max-video-preview:-1\" \/>\n<link rel=\"canonical\" href=\"https:\/\/www.black-jaguar.org\/pt-br\/bjf-celebracao-florestas-tropicais\/\" \/>\n<meta property=\"og:locale\" content=\"pt_BR\" \/>\n<meta property=\"og:type\" content=\"article\" \/>\n<meta property=\"og:title\" content=\"Black Jaguar se apresenta em evento de celebra\u00e7\u00e3o \u00e0s florestas tropicais\" \/>\n<meta property=\"og:description\" content=\"Apresentamos a Floresta Amaz\u00f4nica e o Corredor de Biodiversidade ao p\u00fablico chin\u00eas durante o Festival das Florestas Tropicais. Confira!\" \/>\n<meta property=\"og:url\" content=\"https:\/\/www.black-jaguar.org\/pt-br\/bjf-celebracao-florestas-tropicais\/\" \/>\n<meta property=\"og:site_name\" content=\"Black Jaguar Foundation\" \/>\n<meta property=\"article:published_time\" content=\"2023-09-17T15:27:50+00:00\" \/>\n<meta property=\"article:modified_time\" content=\"2023-09-19T21:46:16+00:00\" \/>\n<meta property=\"og:image\" content=\"https:\/\/www.black-jaguar.org\/wp-content\/uploads\/2023\/09\/goodtonature_withlogo.png\" \/>\n\t<meta property=\"og:image:width\" content=\"560\" \/>\n\t<meta property=\"og:image:height\" content=\"374\" \/>\n\t<meta property=\"og:image:type\" content=\"image\/png\" \/>\n<meta name=\"author\" content=\"Ana Paula Mendes\" \/>\n<meta name=\"twitter:card\" content=\"summary_large_image\" \/>\n<meta name=\"twitter:label1\" content=\"Escrito por\" \/>\n\t<meta name=\"twitter:data1\" content=\"Ana Paula Mendes\" \/>\n\t<meta name=\"twitter:label2\" content=\"Est. tempo de leitura\" \/>\n\t<meta name=\"twitter:data2\" content=\"5 minutos\" \/>\n<script type=\"application\/ld+json\" class=\"yoast-schema-graph\">{\"@context\":\"https:\\\/\\\/schema.org\",\"@graph\":[{\"@type\":\"Article\",\"@id\":\"https:\\\/\\\/www.black-jaguar.org\\\/pt-br\\\/bjf-celebracao-florestas-tropicais\\\/#article\",\"isPartOf\":{\"@id\":\"https:\\\/\\\/www.black-jaguar.org\\\/pt-br\\\/bjf-celebracao-florestas-tropicais\\\/\"},\"author\":{\"name\":\"Ana Paula Mendes\",\"@id\":\"https:\\\/\\\/www.black-jaguar.org\\\/pt-br\\\/#\\\/schema\\\/person\\\/c3bb0ccb39c1d5102f2fbff235906901\"},\"headline\":\"Black Jaguar se apresenta em evento de celebra\u00e7\u00e3o \u00e0s florestas tropicais\",\"datePublished\":\"2023-09-17T15:27:50+00:00\",\"dateModified\":\"2023-09-19T21:46:16+00:00\",\"mainEntityOfPage\":{\"@id\":\"https:\\\/\\\/www.black-jaguar.org\\\/pt-br\\\/bjf-celebracao-florestas-tropicais\\\/\"},\"wordCount\":1782,\"publisher\":{\"@id\":\"https:\\\/\\\/www.black-jaguar.org\\\/pt-br\\\/#organization\"},\"image\":{\"@id\":\"https:\\\/\\\/www.black-jaguar.org\\\/pt-br\\\/bjf-celebracao-florestas-tropicais\\\/#primaryimage\"},\"thumbnailUrl\":\"https:\\\/\\\/www.black-jaguar.org\\\/wp-content\\\/uploads\\\/2023\\\/09\\\/goodtonature_withlogo.png\",\"articleSection\":[\"News Home\"],\"inLanguage\":\"pt-BR\"},{\"@type\":\"WebPage\",\"@id\":\"https:\\\/\\\/www.black-jaguar.org\\\/pt-br\\\/bjf-celebracao-florestas-tropicais\\\/\",\"url\":\"https:\\\/\\\/www.black-jaguar.org\\\/pt-br\\\/bjf-celebracao-florestas-tropicais\\\/\",\"name\":\"Black Jaguar se apresenta em evento de celebra\u00e7\u00e3o \u00e0s florestas tropicais\",\"isPartOf\":{\"@id\":\"https:\\\/\\\/www.black-jaguar.org\\\/pt-br\\\/#website\"},\"primaryImageOfPage\":{\"@id\":\"https:\\\/\\\/www.black-jaguar.org\\\/pt-br\\\/bjf-celebracao-florestas-tropicais\\\/#primaryimage\"},\"image\":{\"@id\":\"https:\\\/\\\/www.black-jaguar.org\\\/pt-br\\\/bjf-celebracao-florestas-tropicais\\\/#primaryimage\"},\"thumbnailUrl\":\"https:\\\/\\\/www.black-jaguar.org\\\/wp-content\\\/uploads\\\/2023\\\/09\\\/goodtonature_withlogo.png\",\"datePublished\":\"2023-09-17T15:27:50+00:00\",\"dateModified\":\"2023-09-19T21:46:16+00:00\",\"description\":\"Apresentamos a Floresta Amaz\u00f4nica e o Corredor de Biodiversidade ao p\u00fablico chin\u00eas durante o Festival das Florestas Tropicais. Confira!\",\"breadcrumb\":{\"@id\":\"https:\\\/\\\/www.black-jaguar.org\\\/pt-br\\\/bjf-celebracao-florestas-tropicais\\\/#breadcrumb\"},\"inLanguage\":\"pt-BR\",\"potentialAction\":[{\"@type\":\"ReadAction\",\"target\":[\"https:\\\/\\\/www.black-jaguar.org\\\/pt-br\\\/bjf-celebracao-florestas-tropicais\\\/\"]}]},{\"@type\":\"ImageObject\",\"inLanguage\":\"pt-BR\",\"@id\":\"https:\\\/\\\/www.black-jaguar.org\\\/pt-br\\\/bjf-celebracao-florestas-tropicais\\\/#primaryimage\",\"url\":\"https:\\\/\\\/www.black-jaguar.org\\\/wp-content\\\/uploads\\\/2023\\\/09\\\/goodtonature_withlogo.png\",\"contentUrl\":\"https:\\\/\\\/www.black-jaguar.org\\\/wp-content\\\/uploads\\\/2023\\\/09\\\/goodtonature_withlogo.png\",\"width\":560,\"height\":374},{\"@type\":\"BreadcrumbList\",\"@id\":\"https:\\\/\\\/www.black-jaguar.org\\\/pt-br\\\/bjf-celebracao-florestas-tropicais\\\/#breadcrumb\",\"itemListElement\":[{\"@type\":\"ListItem\",\"position\":1,\"name\":\"Home\",\"item\":\"https:\\\/\\\/www.black-jaguar.org\\\/pt-br\\\/\"},{\"@type\":\"ListItem\",\"position\":2,\"name\":\"Black Jaguar se apresenta em evento de celebra\u00e7\u00e3o \u00e0s florestas tropicais\"}]},{\"@type\":\"WebSite\",\"@id\":\"https:\\\/\\\/www.black-jaguar.org\\\/pt-br\\\/#website\",\"url\":\"https:\\\/\\\/www.black-jaguar.org\\\/pt-br\\\/\",\"name\":\"Black Jaguar Foundation\",\"description\":\"realising the largest biodiversity corridor on earth\",\"publisher\":{\"@id\":\"https:\\\/\\\/www.black-jaguar.org\\\/pt-br\\\/#organization\"},\"potentialAction\":[{\"@type\":\"SearchAction\",\"target\":{\"@type\":\"EntryPoint\",\"urlTemplate\":\"https:\\\/\\\/www.black-jaguar.org\\\/pt-br\\\/?s={search_term_string}\"},\"query-input\":{\"@type\":\"PropertyValueSpecification\",\"valueRequired\":true,\"valueName\":\"search_term_string\"}}],\"inLanguage\":\"pt-BR\"},{\"@type\":\"Organization\",\"@id\":\"https:\\\/\\\/www.black-jaguar.org\\\/pt-br\\\/#organization\",\"name\":\"Black Jaguar Foundation\",\"url\":\"https:\\\/\\\/www.black-jaguar.org\\\/pt-br\\\/\",\"logo\":{\"@type\":\"ImageObject\",\"inLanguage\":\"pt-BR\",\"@id\":\"https:\\\/\\\/www.black-jaguar.org\\\/pt-br\\\/#\\\/schema\\\/logo\\\/image\\\/\",\"url\":\"https:\\\/\\\/www.black-jaguar.org\\\/wp-content\\\/uploads\\\/2021\\\/07\\\/2.-PNG_BJF_LOGO_21_April_2020-1.png\",\"contentUrl\":\"https:\\\/\\\/www.black-jaguar.org\\\/wp-content\\\/uploads\\\/2021\\\/07\\\/2.-PNG_BJF_LOGO_21_April_2020-1.png\",\"width\":519,\"height\":537,\"caption\":\"Black Jaguar Foundation\"},\"image\":{\"@id\":\"https:\\\/\\\/www.black-jaguar.org\\\/pt-br\\\/#\\\/schema\\\/logo\\\/image\\\/\"}},{\"@type\":\"Person\",\"@id\":\"https:\\\/\\\/www.black-jaguar.org\\\/pt-br\\\/#\\\/schema\\\/person\\\/c3bb0ccb39c1d5102f2fbff235906901\",\"name\":\"Ana Paula Mendes\",\"image\":{\"@type\":\"ImageObject\",\"inLanguage\":\"pt-BR\",\"@id\":\"https:\\\/\\\/secure.gravatar.com\\\/avatar\\\/239f795260150786312c9ada87e81ff94fa5ce3a9faa02189d7db665b164497e?s=96&d=mm&r=g\",\"url\":\"https:\\\/\\\/secure.gravatar.com\\\/avatar\\\/239f795260150786312c9ada87e81ff94fa5ce3a9faa02189d7db665b164497e?s=96&d=mm&r=g\",\"contentUrl\":\"https:\\\/\\\/secure.gravatar.com\\\/avatar\\\/239f795260150786312c9ada87e81ff94fa5ce3a9faa02189d7db665b164497e?s=96&d=mm&r=g\",\"caption\":\"Ana Paula Mendes\"},\"url\":\"https:\\\/\\\/www.black-jaguar.org\\\/pt-br\\\/author\\\/a-mendesblack-jaguar-org\\\/\"}]}<\/script>\n<!-- \/ Yoast SEO plugin. -->","yoast_head_json":{"title":"Black Jaguar se apresenta em evento de celebra\u00e7\u00e3o \u00e0s florestas tropicais","description":"Apresentamos a Floresta Amaz\u00f4nica e o Corredor de Biodiversidade ao p\u00fablico chin\u00eas durante o Festival das Florestas Tropicais. Confira!","robots":{"index":"index","follow":"follow","max-snippet":"max-snippet:-1","max-image-preview":"max-image-preview:large","max-video-preview":"max-video-preview:-1"},"canonical":"https:\/\/www.black-jaguar.org\/pt-br\/bjf-celebracao-florestas-tropicais\/","og_locale":"pt_BR","og_type":"article","og_title":"Black Jaguar se apresenta em evento de celebra\u00e7\u00e3o \u00e0s florestas tropicais","og_description":"Apresentamos a Floresta Amaz\u00f4nica e o Corredor de Biodiversidade ao p\u00fablico chin\u00eas durante o Festival das Florestas Tropicais. Confira!","og_url":"https:\/\/www.black-jaguar.org\/pt-br\/bjf-celebracao-florestas-tropicais\/","og_site_name":"Black Jaguar Foundation","article_published_time":"2023-09-17T15:27:50+00:00","article_modified_time":"2023-09-19T21:46:16+00:00","og_image":[{"width":560,"height":374,"url":"https:\/\/www.black-jaguar.org\/wp-content\/uploads\/2023\/09\/goodtonature_withlogo.png","type":"image\/png"}],"author":"Ana Paula Mendes","twitter_card":"summary_large_image","twitter_misc":{"Escrito por":"Ana Paula Mendes","Est. tempo de leitura":"5 minutos"},"schema":{"@context":"https:\/\/schema.org","@graph":[{"@type":"Article","@id":"https:\/\/www.black-jaguar.org\/pt-br\/bjf-celebracao-florestas-tropicais\/#article","isPartOf":{"@id":"https:\/\/www.black-jaguar.org\/pt-br\/bjf-celebracao-florestas-tropicais\/"},"author":{"name":"Ana Paula Mendes","@id":"https:\/\/www.black-jaguar.org\/pt-br\/#\/schema\/person\/c3bb0ccb39c1d5102f2fbff235906901"},"headline":"Black Jaguar se apresenta em evento de celebra\u00e7\u00e3o \u00e0s florestas tropicais","datePublished":"2023-09-17T15:27:50+00:00","dateModified":"2023-09-19T21:46:16+00:00","mainEntityOfPage":{"@id":"https:\/\/www.black-jaguar.org\/pt-br\/bjf-celebracao-florestas-tropicais\/"},"wordCount":1782,"publisher":{"@id":"https:\/\/www.black-jaguar.org\/pt-br\/#organization"},"image":{"@id":"https:\/\/www.black-jaguar.org\/pt-br\/bjf-celebracao-florestas-tropicais\/#primaryimage"},"thumbnailUrl":"https:\/\/www.black-jaguar.org\/wp-content\/uploads\/2023\/09\/goodtonature_withlogo.png","articleSection":["News Home"],"inLanguage":"pt-BR"},{"@type":"WebPage","@id":"https:\/\/www.black-jaguar.org\/pt-br\/bjf-celebracao-florestas-tropicais\/","url":"https:\/\/www.black-jaguar.org\/pt-br\/bjf-celebracao-florestas-tropicais\/","name":"Black Jaguar se apresenta em evento de celebra\u00e7\u00e3o \u00e0s florestas tropicais","isPartOf":{"@id":"https:\/\/www.black-jaguar.org\/pt-br\/#website"},"primaryImageOfPage":{"@id":"https:\/\/www.black-jaguar.org\/pt-br\/bjf-celebracao-florestas-tropicais\/#primaryimage"},"image":{"@id":"https:\/\/www.black-jaguar.org\/pt-br\/bjf-celebracao-florestas-tropicais\/#primaryimage"},"thumbnailUrl":"https:\/\/www.black-jaguar.org\/wp-content\/uploads\/2023\/09\/goodtonature_withlogo.png","datePublished":"2023-09-17T15:27:50+00:00","dateModified":"2023-09-19T21:46:16+00:00","description":"Apresentamos a Floresta Amaz\u00f4nica e o Corredor de Biodiversidade ao p\u00fablico chin\u00eas durante o Festival das Florestas Tropicais. Confira!","breadcrumb":{"@id":"https:\/\/www.black-jaguar.org\/pt-br\/bjf-celebracao-florestas-tropicais\/#breadcrumb"},"inLanguage":"pt-BR","potentialAction":[{"@type":"ReadAction","target":["https:\/\/www.black-jaguar.org\/pt-br\/bjf-celebracao-florestas-tropicais\/"]}]},{"@type":"ImageObject","inLanguage":"pt-BR","@id":"https:\/\/www.black-jaguar.org\/pt-br\/bjf-celebracao-florestas-tropicais\/#primaryimage","url":"https:\/\/www.black-jaguar.org\/wp-content\/uploads\/2023\/09\/goodtonature_withlogo.png","contentUrl":"https:\/\/www.black-jaguar.org\/wp-content\/uploads\/2023\/09\/goodtonature_withlogo.png","width":560,"height":374},{"@type":"BreadcrumbList","@id":"https:\/\/www.black-jaguar.org\/pt-br\/bjf-celebracao-florestas-tropicais\/#breadcrumb","itemListElement":[{"@type":"ListItem","position":1,"name":"Home","item":"https:\/\/www.black-jaguar.org\/pt-br\/"},{"@type":"ListItem","position":2,"name":"Black Jaguar se apresenta em evento de celebra\u00e7\u00e3o \u00e0s florestas tropicais"}]},{"@type":"WebSite","@id":"https:\/\/www.black-jaguar.org\/pt-br\/#website","url":"https:\/\/www.black-jaguar.org\/pt-br\/","name":"Black Jaguar Foundation","description":"realising the largest biodiversity corridor on earth","publisher":{"@id":"https:\/\/www.black-jaguar.org\/pt-br\/#organization"},"potentialAction":[{"@type":"SearchAction","target":{"@type":"EntryPoint","urlTemplate":"https:\/\/www.black-jaguar.org\/pt-br\/?s={search_term_string}"},"query-input":{"@type":"PropertyValueSpecification","valueRequired":true,"valueName":"search_term_string"}}],"inLanguage":"pt-BR"},{"@type":"Organization","@id":"https:\/\/www.black-jaguar.org\/pt-br\/#organization","name":"Black Jaguar Foundation","url":"https:\/\/www.black-jaguar.org\/pt-br\/","logo":{"@type":"ImageObject","inLanguage":"pt-BR","@id":"https:\/\/www.black-jaguar.org\/pt-br\/#\/schema\/logo\/image\/","url":"https:\/\/www.black-jaguar.org\/wp-content\/uploads\/2021\/07\/2.-PNG_BJF_LOGO_21_April_2020-1.png","contentUrl":"https:\/\/www.black-jaguar.org\/wp-content\/uploads\/2021\/07\/2.-PNG_BJF_LOGO_21_April_2020-1.png","width":519,"height":537,"caption":"Black Jaguar Foundation"},"image":{"@id":"https:\/\/www.black-jaguar.org\/pt-br\/#\/schema\/logo\/image\/"}},{"@type":"Person","@id":"https:\/\/www.black-jaguar.org\/pt-br\/#\/schema\/person\/c3bb0ccb39c1d5102f2fbff235906901","name":"Ana Paula Mendes","image":{"@type":"ImageObject","inLanguage":"pt-BR","@id":"https:\/\/secure.gravatar.com\/avatar\/239f795260150786312c9ada87e81ff94fa5ce3a9faa02189d7db665b164497e?s=96&d=mm&r=g","url":"https:\/\/secure.gravatar.com\/avatar\/239f795260150786312c9ada87e81ff94fa5ce3a9faa02189d7db665b164497e?s=96&d=mm&r=g","contentUrl":"https:\/\/secure.gravatar.com\/avatar\/239f795260150786312c9ada87e81ff94fa5ce3a9faa02189d7db665b164497e?s=96&d=mm&r=g","caption":"Ana Paula Mendes"},"url":"https:\/\/www.black-jaguar.org\/pt-br\/author\/a-mendesblack-jaguar-org\/"}]}},"_links":{"self":[{"href":"https:\/\/www.black-jaguar.org\/pt-br\/wp-json\/wp\/v2\/posts\/39131","targetHints":{"allow":["GET"]}}],"collection":[{"href":"https:\/\/www.black-jaguar.org\/pt-br\/wp-json\/wp\/v2\/posts"}],"about":[{"href":"https:\/\/www.black-jaguar.org\/pt-br\/wp-json\/wp\/v2\/types\/post"}],"author":[{"embeddable":true,"href":"https:\/\/www.black-jaguar.org\/pt-br\/wp-json\/wp\/v2\/users\/57"}],"replies":[{"embeddable":true,"href":"https:\/\/www.black-jaguar.org\/pt-br\/wp-json\/wp\/v2\/comments?post=39131"}],"version-history":[{"count":5,"href":"https:\/\/www.black-jaguar.org\/pt-br\/wp-json\/wp\/v2\/posts\/39131\/revisions"}],"predecessor-version":[{"id":39207,"href":"https:\/\/www.black-jaguar.org\/pt-br\/wp-json\/wp\/v2\/posts\/39131\/revisions\/39207"}],"wp:featuredmedia":[{"embeddable":true,"href":"https:\/\/www.black-jaguar.org\/pt-br\/wp-json\/wp\/v2\/media\/39141"}],"wp:attachment":[{"href":"https:\/\/www.black-jaguar.org\/pt-br\/wp-json\/wp\/v2\/media?parent=39131"}],"wp:term":[{"taxonomy":"category","embeddable":true,"href":"https:\/\/www.black-jaguar.org\/pt-br\/wp-json\/wp\/v2\/categories?post=39131"},{"taxonomy":"post_tag","embeddable":true,"href":"https:\/\/www.black-jaguar.org\/pt-br\/wp-json\/wp\/v2\/tags?post=39131"}],"curies":[{"name":"wp","href":"https:\/\/api.w.org\/{rel}","templated":true}]}}