{"id":39107,"date":"2023-09-17T16:49:27","date_gmt":"2023-09-17T14:49:27","guid":{"rendered":"https:\/\/www.black-jaguar.org\/?p=39107"},"modified":"2023-09-17T18:37:01","modified_gmt":"2023-09-17T16:37:01","slug":"carlos-felix-entrevista","status":"publish","type":"post","link":"https:\/\/www.black-jaguar.org\/pt-br\/carlos-felix-entrevista\/","title":{"rendered":"Entrevista com Carlos F\u00e9lix: conhe\u00e7a nosso parceiro propriet\u00e1rio da Fazenda Bela Vista"},"content":{"rendered":"[vc_row type=&#8221;in_container&#8221; full_screen_row_position=&#8221;middle&#8221; column_margin=&#8221;default&#8221; column_direction=&#8221;default&#8221; column_direction_tablet=&#8221;default&#8221; column_direction_phone=&#8221;default&#8221; scene_position=&#8221;center&#8221; text_color=&#8221;dark&#8221; text_align=&#8221;left&#8221; row_border_radius=&#8221;none&#8221; row_border_radius_applies=&#8221;bg&#8221; overflow=&#8221;visible&#8221; overlay_strength=&#8221;0.3&#8243; gradient_direction=&#8221;left_to_right&#8221; shape_divider_position=&#8221;bottom&#8221; bg_image_animation=&#8221;none&#8221;][vc_column column_padding=&#8221;no-extra-padding&#8221; column_padding_tablet=&#8221;inherit&#8221; column_padding_phone=&#8221;inherit&#8221; column_padding_position=&#8221;all&#8221; column_element_direction_desktop=&#8221;default&#8221; column_element_spacing=&#8221;default&#8221; desktop_text_alignment=&#8221;default&#8221; tablet_text_alignment=&#8221;default&#8221; phone_text_alignment=&#8221;default&#8221; background_color_opacity=&#8221;1&#8243; background_hover_color_opacity=&#8221;1&#8243; column_backdrop_filter=&#8221;none&#8221; column_shadow=&#8221;none&#8221; column_border_radius=&#8221;none&#8221; column_link_target=&#8221;_self&#8221; column_position=&#8221;default&#8221; gradient_direction=&#8221;left_to_right&#8221; overlay_strength=&#8221;0.3&#8243; width=&#8221;1\/1&#8243; tablet_width_inherit=&#8221;default&#8221; animation_type=&#8221;default&#8221; bg_image_animation=&#8221;none&#8221; border_type=&#8221;simple&#8221; column_border_width=&#8221;none&#8221; column_border_style=&#8221;solid&#8221;][vc_column_text]O Corredor de Biodiversidade do Araguaia s\u00f3 \u00e9 poss\u00edvel gra\u00e7as \u00e0s parcerias rurais que firmamos. Nosso projeto tem como fundamento auxiliar propriet\u00e1rios rurais localizados \u00e0s margens do rio Araguaia na regulariza\u00e7\u00e3o suas terras de acordo com o C\u00f3digo Florestal Brasileiro. E, com isso, restaurar \u00e1reas com d\u00e9ficit ambiental, conectando fragmentos de vegeta\u00e7\u00e3o nativa e criando um corredor ecol\u00f3gico.<\/p>\n<p>Nos \u00faltimos anos, nossa comunidade de parceiros rurais cresceu bastante. J\u00e1 s\u00e3o mais de 20 produtores que concordaram que a produ\u00e7\u00e3o agr\u00edcola e a sustentabilidade podem \u2013 e devem \u2013 caminhar lado a lado. E por conta disso, queremos apresent\u00e1-los a voc\u00eas.<\/p>\n<p>O primeiro a participar dessa s\u00e9rie de entrevistas \u00e9 Carlos F\u00e9lix, propriet\u00e1rio da Fazenda Bela Vista, em Caseara (TO).<\/p>\n<p><a href=\"https:\/\/www.black-jaguar.org\/pt-br\/depoimento-carlos-felix\/\" target=\"_blank\" rel=\"noopener\">Assista ao depoimento em v\u00eddeo de Carlos F\u00e9lix!<\/a><\/p>\n<p>Confira nossa conversa e descubra como essa parceria come\u00e7ou e segue cada vez mais forte:[\/vc_column_text][divider line_type=&#8221;No Line&#8221;][image_with_animation image_url=&#8221;39108&#8243; image_size=&#8221;full&#8221; animation_type=&#8221;entrance&#8221; animation=&#8221;None&#8221; animation_movement_type=&#8221;transform_y&#8221; hover_animation=&#8221;none&#8221; alignment=&#8221;center&#8221; border_radius=&#8221;none&#8221; box_shadow=&#8221;none&#8221; image_loading=&#8221;default&#8221; max_width=&#8221;100%&#8221; max_width_mobile=&#8221;default&#8221;][divider line_type=&#8221;No Line&#8221;][vc_column_text]\n<h5 style=\"text-align: center;\"><strong>Entrevista com Carlos F\u00e9lix, propriet\u00e1rio da Fazenda Santa F\u00e9<\/strong><\/h5>\n[\/vc_column_text][divider line_type=&#8221;No Line&#8221;][vc_column_text]<strong>Voc\u00ea poderia come\u00e7ar apresentando onde est\u00e1 localizada a sua propriedade rural?<\/strong><\/p>\n<p>CF: Eu estou sediado na Fazenda Bela Vista, no munic\u00edpio de Caseara (TO), \u00e0s margens do rio Araguaia.<\/p>\n<p><strong>Conta para a gente um pouco sobre a Fazenda Bela Vista&#8230;\u00a0 <\/strong><\/p>\n<p>CF: A Fazenda Bela Vista possui 1.500 hectares. N\u00f3s trabalhamos com cria\u00e7\u00e3o de bovinos e plantio de soja. E aproximadamente 51% da \u00e1rea total s\u00e3o \u00e1reas protegidas &#8211; entre Reserva Legal e \u00c1rea de Preserva\u00e7\u00e3o Permanente.[\/vc_column_text][divider line_type=&#8221;No Line&#8221;][vc_gallery type=&#8221;parallax_image_grid&#8221; images=&#8221;39112,39116,39120,39124&#8243;][divider line_type=&#8221;No Line&#8221;][vc_column_text]<strong>Quais as a\u00e7\u00f5es e iniciativas na Fazenda Bela Vista relacionadas \u00e0 biodiversidade?<\/strong><\/p>\n<p>CF: Nossas a\u00e7\u00f5es envolvem obedecer e seguir os controles de manejo que a pr\u00f3pria legisla\u00e7\u00e3o brasileira exige, na preserva\u00e7\u00e3o da fauna e da flora. Ou seja, a gente trabalha somente com nossas opera\u00e7\u00f5es nas \u00e1reas que s\u00e3o determinadas para produ\u00e7\u00e3o pecu\u00e1ria e agr\u00edcola. O que a gente faz \u00e9 n\u00e3o permitir que se trabalhe nas \u00e1reas protegidas.<\/p>\n<p>Outra a\u00e7\u00e3o \u00e9 a parceria com a Black Jaguar e esse projeto de revitaliza\u00e7\u00e3o de uma pequena \u00c1rea de Preserva\u00e7\u00e3o Permanente aqui da propriedade.<\/p>\n<p>A Fazenda Bela Vista possui 51% do total da sua \u00e1rea preservada. 35% \u00e9 de Reserva Legal, conforme estabelece o C\u00f3digo Florestal Brasileiro \u2013 e j\u00e1 est\u00e1 tudo documentado e registrado. E existe uma \u00c1rea de Preserva\u00e7\u00e3o Permanente de 1,2km de comprimento por 500m de largura \u00e0s margens do rio Araguaia. Al\u00e9m disso, tamb\u00e9m temos lagos na fazenda com suas respectivas APPs preservadas. E toda essa \u00e1rea preservada est\u00e1 condensada em uma regi\u00e3o s\u00f3 \u2013 criando um baita corredor ecol\u00f3gico.<\/p>\n<p><strong>Como se iniciou a parceria com a Black Jaguar?<\/strong><\/p>\n<p>CF: Come\u00e7ou no final de 2021, quando eu recebi uma visita do Ben Valks <em>(iniciador)<\/em> e da Marcelle <em>(coordenadora de articula\u00e7\u00e3o)<\/em>. Eles vieram aqui nos visitar e apresentar o projeto. No que terminou a apresenta\u00e7\u00e3o, eu s\u00f3 falei \u201cBen, pode contar com a Fazenda Bela Vista, n\u00f3s estamos juntos nesse projeto\u201d.<\/p>\n<p><strong>Quais os benef\u00edcios para voc\u00ea como produtor rural nesta parceria com a Black Jaguar?<\/strong><\/p>\n<p>CF: O principal benef\u00edcio \u00e9 a revitaliza\u00e7\u00e3o da APP que n\u00f3s temos na fazenda. N\u00f3s acreditamos que com essa revitaliza\u00e7\u00e3o, n\u00f3s vamos garantir ou at\u00e9 aumentar a \u00e1gua na nascente da fazenda.<\/p>\n<p>Outro grande benef\u00edcio \u00e9 quest\u00e3o da legisla\u00e7\u00e3o. Quando n\u00f3s, produtores rurais, recebemos a Black Jaguar e ela vem com esse projeto de regularizar as \u00e1reas degradadas, \u00e9 um grande benef\u00edcio porque n\u00f3s sabemos que n\u00e3o vai demorar muito para sermos fiscalizados, e a Black Jaguar j\u00e1 est\u00e1 se antecipando na solu\u00e7\u00e3o desse problema. Quando institui\u00e7\u00f5es financeiras come\u00e7arem a cobrar isso, j\u00e1 estaremos prontos e n\u00e3o teremos dificuldade de ir ao mercado pedir capital.<\/p>\n<p>Isso, para n\u00f3s, \u00e9 um grande benef\u00edcio, eu n\u00e3o vejo como um produtor rural n\u00e3o vai abra\u00e7ar essa causa.<\/p>\n<p><strong>Qual a sua motiva\u00e7\u00e3o para trabalhar em parceria com a Black Jaguar?<\/strong><\/p>\n<p>CF: Eu sou apaixonado pelo meio ambiente.\u00a0 Inclusive, sou p\u00f3s-graduado em meio ambiente. Sou apaixonado pela preserva\u00e7\u00e3o, tanto da fauna quanto da flora. Isso \u00e9 o que me d\u00e1 prazer em trabalhar com a Black Jaguar, de saber que ela tem um desafio enorme pela frente e est\u00e1 preocupada com a preserva\u00e7\u00e3o das margens do rio Araguaia.<\/p>\n<p><strong>O que voc\u00ea acha da forma de trabalho da Black Jaguar com rela\u00e7\u00e3o \u00e0 restaura\u00e7\u00e3o?<\/strong><\/p>\n<p>CF: Eu acredito que a Black Jaguar est\u00e1 no caminho certo, tem um planejamento bem-feito, um projeto muito bem elaborado, p\u00e9 no ch\u00e3o. No primeiro contato em busca de novos parceiros rurais, os profissionais s\u00e3o muito eficientes, respeitosos, n\u00e3o h\u00e1 imposi\u00e7\u00e3o. Eles v\u00eam apresentar o projeto e cabe a n\u00f3s aceitarmos ou n\u00e3o. Al\u00e9m disso, a Black Jaguar n\u00e3o tem um objetivo de expans\u00e3o a todo custo, vai crescendo \u00e0 medida que vai concretizando seus projetos.<\/p>\n<p><strong>Voc\u00ea sente que agora voc\u00ea est\u00e1 contribuindo para a restaura\u00e7\u00e3o ecol\u00f3gica?<\/strong><\/p>\n<p>CF: Sim. N\u00e3o s\u00f3 eu, mas outros produtores parceiros da Black Jaguar, com quem tenho contato, tamb\u00e9m sentem isso.<\/p>\n<p><strong>Voc\u00ea recomendaria essa parceria para outros produtores rurais?<\/strong><\/p>\n<p>CF: N\u00e3o s\u00f3 recomendaria, como sou um divulgador dessa ideia. Por onde eu passo, com produtores que eu tenho contato, eu falo muito sobre a Black Jaguar. E quando as pessoas me procuram porque a Black Jaguar as contatou, eu sou um entusiasta, eu falo \u201cgente, vamos porque \u00e9 um projeto que vai dar certo\u201d. \u00c9 um projeto muito interessante para o produtor rural, para a Black Jaguar e mais ainda para a natureza. \u00c9 poss\u00edvel produzir e preservar. A produ\u00e7\u00e3o e a preserva\u00e7\u00e3o podem muito bem caminhar juntas.<\/p>\n<p><strong>Por que a Black Jaguar \u00e9 a melhor alternativa para voc\u00ea?<\/strong><\/p>\n<p>CF: Porque ela tem um grupo de profissionais muito bom, um projeto s\u00e9rio e bem estruturado. E vem vencendo v\u00e1rios obst\u00e1culos, mesmo com as dificuldades. E tamb\u00e9m pelas parcerias que tem feito aqui no Brasil. Inclusive a Fazenda Bela Vista recebeu dois produtores que, ap\u00f3s a visita, viraram parceiros da Black Jaguar<\/p>\n<p><strong>Seu Carlos F\u00e9lix, muito obrigada pela entrevista! Tem algo que voc\u00ea gostaria de acrescentar?<\/strong><\/p>\n<p>CF: S\u00f3 gostaria de acrescentar que n\u00f3s, do agroneg\u00f3cio, somos taxados como destruidores do meio ambiente, mas aqui no Tocantins, o que percebemos \u00e9 que os produtores rurais t\u00eam uma preocupa\u00e7\u00e3o muito grande com o meio ambiente e com o cumprimento da legisla\u00e7\u00e3o. Do contr\u00e1rio, n\u00e3o estar\u00edamos abra\u00e7ando a Black Jaguar.<\/p>\n<p>O que n\u00f3s temos de d\u00e9ficit s\u00e3o coisas que aconteceram l\u00e1 atr\u00e1s n\u00f3s carregamos esse passivo. Antigamente, n\u00e3o \u00e9ramos cobrados em rela\u00e7\u00e3o a Reserva Legal e APPs, mas hoje n\u00f3s temos essa preocupa\u00e7\u00e3o de proteger o meio ambiente e, no m\u00ednimo, cumprir a legisla\u00e7\u00e3o brasileira. Tanto que, h\u00e1 um ano, n\u00f3s criamos no Vale do Araguaia, uma Associa\u00e7\u00e3o para o Desenvolvimento Sustent\u00e1vel do Tocantins (ADESTO).<\/p>\n<p>Essa associa\u00e7\u00e3o est\u00e1 empenhada em produzir de maneira sustent\u00e1vel. E cada vez mais produtores t\u00eam aderido, porque est\u00e3o preocupados com a quest\u00e3o ambiental. Porque n\u00f3s precisamos produzir alimentos, o mundo precisa de alimentos. Mas, por outro lado, tamb\u00e9m precisamos deixar nossa contribui\u00e7\u00e3o ao meio ambiente.[\/vc_column_text][divider line_type=&#8221;No Line&#8221;][\/vc_column][\/vc_row][vc_row type=&#8221;in_container&#8221; full_screen_row_position=&#8221;middle&#8221; column_margin=&#8221;default&#8221; column_direction=&#8221;default&#8221; column_direction_tablet=&#8221;default&#8221; column_direction_phone=&#8221;default&#8221; scene_position=&#8221;center&#8221; text_color=&#8221;dark&#8221; text_align=&#8221;left&#8221; row_border_radius=&#8221;none&#8221; row_border_radius_applies=&#8221;bg&#8221; overflow=&#8221;visible&#8221; overlay_strength=&#8221;0.3&#8243; gradient_direction=&#8221;left_to_right&#8221; shape_divider_position=&#8221;bottom&#8221; bg_image_animation=&#8221;none&#8221;][vc_column column_padding=&#8221;no-extra-padding&#8221; column_padding_tablet=&#8221;inherit&#8221; column_padding_phone=&#8221;inherit&#8221; column_padding_position=&#8221;all&#8221; column_element_direction_desktop=&#8221;default&#8221; column_element_spacing=&#8221;default&#8221; desktop_text_alignment=&#8221;default&#8221; tablet_text_alignment=&#8221;default&#8221; phone_text_alignment=&#8221;default&#8221; background_color_opacity=&#8221;1&#8243; background_hover_color_opacity=&#8221;1&#8243; column_backdrop_filter=&#8221;none&#8221; column_shadow=&#8221;none&#8221; column_border_radius=&#8221;none&#8221; column_link_target=&#8221;_self&#8221; column_position=&#8221;default&#8221; gradient_direction=&#8221;left_to_right&#8221; overlay_strength=&#8221;0.3&#8243; width=&#8221;1\/1&#8243; tablet_width_inherit=&#8221;default&#8221; animation_type=&#8221;default&#8221; bg_image_animation=&#8221;none&#8221; border_type=&#8221;simple&#8221; column_border_width=&#8221;none&#8221; column_border_style=&#8221;solid&#8221;]<div class=\"sharing-default-minimal\"><div class=\"nectar-social default\" data-position=\"left\" data-color-override=\"only_when_needed\"><div class=\"nectar-social-inner\"><a class='facebook-share nectar-sharing' href='#' title='Share this'>  <i class='fa fa-facebook'><\/i> <span class='social-text'>Share<\/span> <\/a><a class='twitter-share nectar-sharing' href='#' title='Share this'> <i class='fa icon-salient-x-twitter'><\/i> <span class='social-text'>Share<\/span> <\/a><a class='linkedin-share nectar-sharing' href='#' title='Share this'> <i class='fa fa-linkedin'><\/i> <span class='social-text'>Share<\/span> <\/a><\/div><\/div><\/div>[divider line_type=&#8221;No Line&#8221;][vc_column_text]\n<h5 style=\"text-align: center;\"><strong>Gostaria de se juntar a n\u00f3s na realiza\u00e7\u00e3o de um dos maiores corredores ecol\u00f3gicos do mundo? Fa\u00e7a parte dos Primeiros 600 <a href=\"https:\/\/www.black-jaguar.org\/pt-br\/the-first600\/\" target=\"_blank\" rel=\"noopener\">AQUI<\/a>.<\/strong><\/h5>\n[\/vc_column_text][divider line_type=&#8221;No Line&#8221;][\/vc_column][\/vc_row][vc_row type=&#8221;in_container&#8221; full_screen_row_position=&#8221;middle&#8221; column_margin=&#8221;default&#8221; column_direction=&#8221;default&#8221; column_direction_tablet=&#8221;default&#8221; column_direction_phone=&#8221;default&#8221; scene_position=&#8221;center&#8221; text_color=&#8221;dark&#8221; text_align=&#8221;left&#8221; row_border_radius=&#8221;none&#8221; row_border_radius_applies=&#8221;bg&#8221; overflow=&#8221;visible&#8221; overlay_strength=&#8221;0.3&#8243; gradient_direction=&#8221;left_to_right&#8221; shape_divider_position=&#8221;bottom&#8221; bg_image_animation=&#8221;none&#8221;][vc_column column_padding=&#8221;no-extra-padding&#8221; column_padding_tablet=&#8221;inherit&#8221; column_padding_phone=&#8221;inherit&#8221; column_padding_position=&#8221;all&#8221; column_element_direction_desktop=&#8221;default&#8221; column_element_spacing=&#8221;default&#8221; desktop_text_alignment=&#8221;default&#8221; tablet_text_alignment=&#8221;default&#8221; phone_text_alignment=&#8221;default&#8221; background_color_opacity=&#8221;1&#8243; background_hover_color_opacity=&#8221;1&#8243; column_backdrop_filter=&#8221;none&#8221; column_shadow=&#8221;none&#8221; column_border_radius=&#8221;none&#8221; column_link_target=&#8221;_self&#8221; column_position=&#8221;default&#8221; gradient_direction=&#8221;left_to_right&#8221; overlay_strength=&#8221;0.3&#8243; width=&#8221;1\/1&#8243; tablet_width_inherit=&#8221;default&#8221; animation_type=&#8221;default&#8221; bg_image_animation=&#8221;none&#8221; border_type=&#8221;simple&#8221; column_border_width=&#8221;none&#8221; column_border_style=&#8221;solid&#8221;][\/vc_column][\/vc_row][vc_row type=&#8221;in_container&#8221; full_screen_row_position=&#8221;middle&#8221; column_margin=&#8221;default&#8221; column_direction=&#8221;default&#8221; column_direction_tablet=&#8221;default&#8221; column_direction_phone=&#8221;default&#8221; scene_position=&#8221;center&#8221; text_color=&#8221;dark&#8221; text_align=&#8221;left&#8221; row_border_radius=&#8221;none&#8221; row_border_radius_applies=&#8221;bg&#8221; overflow=&#8221;visible&#8221; overlay_strength=&#8221;0.3&#8243; gradient_direction=&#8221;left_to_right&#8221; shape_divider_position=&#8221;bottom&#8221; bg_image_animation=&#8221;none&#8221;][vc_column column_padding=&#8221;no-extra-padding&#8221; column_padding_tablet=&#8221;inherit&#8221; column_padding_phone=&#8221;inherit&#8221; column_padding_position=&#8221;all&#8221; column_element_direction_desktop=&#8221;default&#8221; column_element_spacing=&#8221;default&#8221; desktop_text_alignment=&#8221;default&#8221; tablet_text_alignment=&#8221;default&#8221; phone_text_alignment=&#8221;default&#8221; background_color_opacity=&#8221;1&#8243; background_hover_color_opacity=&#8221;1&#8243; column_backdrop_filter=&#8221;none&#8221; column_shadow=&#8221;none&#8221; column_border_radius=&#8221;none&#8221; column_link_target=&#8221;_self&#8221; column_position=&#8221;default&#8221; gradient_direction=&#8221;left_to_right&#8221; overlay_strength=&#8221;0.3&#8243; width=&#8221;1\/1&#8243; tablet_width_inherit=&#8221;default&#8221; animation_type=&#8221;default&#8221; bg_image_animation=&#8221;none&#8221; border_type=&#8221;simple&#8221; column_border_width=&#8221;none&#8221; column_border_style=&#8221;solid&#8221;][\/vc_column][\/vc_row][vc_row type=&#8221;in_container&#8221; full_screen_row_position=&#8221;middle&#8221; column_margin=&#8221;default&#8221; column_direction=&#8221;default&#8221; column_direction_tablet=&#8221;default&#8221; column_direction_phone=&#8221;default&#8221; scene_position=&#8221;center&#8221; text_color=&#8221;dark&#8221; text_align=&#8221;left&#8221; row_border_radius=&#8221;none&#8221; row_border_radius_applies=&#8221;bg&#8221; overflow=&#8221;visible&#8221; overlay_strength=&#8221;0.3&#8243; gradient_direction=&#8221;left_to_right&#8221; shape_divider_position=&#8221;bottom&#8221; bg_image_animation=&#8221;none&#8221;][vc_column column_padding=&#8221;no-extra-padding&#8221; column_padding_tablet=&#8221;inherit&#8221; column_padding_phone=&#8221;inherit&#8221; column_padding_position=&#8221;all&#8221; column_element_direction_desktop=&#8221;default&#8221; column_element_spacing=&#8221;default&#8221; desktop_text_alignment=&#8221;default&#8221; tablet_text_alignment=&#8221;default&#8221; phone_text_alignment=&#8221;default&#8221; background_color_opacity=&#8221;1&#8243; background_hover_color_opacity=&#8221;1&#8243; column_backdrop_filter=&#8221;none&#8221; column_shadow=&#8221;none&#8221; column_border_radius=&#8221;none&#8221; column_link_target=&#8221;_self&#8221; column_position=&#8221;default&#8221; gradient_direction=&#8221;left_to_right&#8221; overlay_strength=&#8221;0.3&#8243; width=&#8221;1\/1&#8243; tablet_width_inherit=&#8221;default&#8221; animation_type=&#8221;default&#8221; bg_image_animation=&#8221;none&#8221; border_type=&#8221;simple&#8221; column_border_width=&#8221;none&#8221; column_border_style=&#8221;solid&#8221;][\/vc_column][\/vc_row]\n","protected":false},"excerpt":{"rendered":"<p>[vc_row type=&#8221;in_container&#8221; full_screen_row_position=&#8221;middle&#8221; column_margin=&#8221;default&#8221; column_direction=&#8221;default&#8221; column_direction_tablet=&#8221;default&#8221; column_direction_phone=&#8221;default&#8221; scene_position=&#8221;center&#8221; text_color=&#8221;dark&#8221; text_align=&#8221;left&#8221; row_border_radius=&#8221;none&#8221; row_border_radius_applies=&#8221;bg&#8221; overflow=&#8221;visible&#8221; overlay_strength=&#8221;0.3&#8243; gradient_direction=&#8221;left_to_right&#8221; shape_divider_position=&#8221;bottom&#8221; bg_image_animation=&#8221;none&#8221;][vc_column column_padding=&#8221;no-extra-padding&#8221; column_padding_tablet=&#8221;inherit&#8221; column_padding_phone=&#8221;inherit&#8221; column_padding_position=&#8221;all&#8221; column_element_direction_desktop=&#8221;default&#8221; column_element_spacing=&#8221;default&#8221; desktop_text_alignment=&#8221;default&#8221; tablet_text_alignment=&#8221;default&#8221; phone_text_alignment=&#8221;default&#8221; background_color_opacity=&#8221;1&#8243; background_hover_color_opacity=&#8221;1&#8243; column_backdrop_filter=&#8221;none&#8221; column_shadow=&#8221;none&#8221;&#8230;<\/p>\n","protected":false},"author":57,"featured_media":39111,"comment_status":"closed","ping_status":"closed","sticky":false,"template":"","format":"standard","meta":{"footnotes":""},"categories":[82],"tags":[],"class_list":{"0":"post-39107","1":"post","2":"type-post","3":"status-publish","4":"format-standard","5":"has-post-thumbnail","7":"category-news-home-pt-br"},"yoast_head":"<!-- This site is optimized with the Yoast SEO plugin v27.4 - https:\/\/yoast.com\/product\/yoast-seo-wordpress\/ -->\n<title>Entrevista com Carlos F\u00e9lix: conhe\u00e7a nosso parceiro propriet\u00e1rio da Fazenda Bela Vista - Black Jaguar Foundation<\/title>\n<meta name=\"description\" content=\"Queremos apresentar Carlos F\u00e9lix, propriet\u00e1rio da Fazenda Bela Vista e parceiro da Black Jaguar Foundation. Confira nossa conversa!\" \/>\n<meta name=\"robots\" content=\"index, follow, max-snippet:-1, max-image-preview:large, max-video-preview:-1\" \/>\n<link rel=\"canonical\" href=\"https:\/\/www.black-jaguar.org\/pt-br\/carlos-felix-entrevista\/\" \/>\n<meta property=\"og:locale\" content=\"pt_BR\" \/>\n<meta property=\"og:type\" content=\"article\" \/>\n<meta property=\"og:title\" content=\"Entrevista com Carlos F\u00e9lix: conhe\u00e7a nosso parceiro propriet\u00e1rio da Fazenda Bela Vista - Black Jaguar Foundation\" \/>\n<meta property=\"og:description\" content=\"Queremos apresentar Carlos F\u00e9lix, propriet\u00e1rio da Fazenda Bela Vista e parceiro da Black Jaguar Foundation. Confira nossa conversa!\" \/>\n<meta property=\"og:url\" content=\"https:\/\/www.black-jaguar.org\/pt-br\/carlos-felix-entrevista\/\" \/>\n<meta property=\"og:site_name\" content=\"Black Jaguar Foundation\" \/>\n<meta property=\"article:published_time\" content=\"2023-09-17T14:49:27+00:00\" \/>\n<meta property=\"article:modified_time\" content=\"2023-09-17T16:37:01+00:00\" \/>\n<meta property=\"og:image\" content=\"https:\/\/www.black-jaguar.org\/wp-content\/uploads\/2023\/09\/CarlosFelix_560x374.png\" \/>\n\t<meta property=\"og:image:width\" content=\"560\" \/>\n\t<meta property=\"og:image:height\" content=\"374\" \/>\n\t<meta property=\"og:image:type\" content=\"image\/png\" \/>\n<meta name=\"author\" content=\"Ana Paula Mendes\" \/>\n<meta name=\"twitter:card\" content=\"summary_large_image\" \/>\n<meta name=\"twitter:label1\" content=\"Escrito por\" \/>\n\t<meta name=\"twitter:data1\" content=\"Ana Paula Mendes\" \/>\n\t<meta name=\"twitter:label2\" content=\"Est. tempo de leitura\" \/>\n\t<meta name=\"twitter:data2\" content=\"7 minutos\" \/>\n<script type=\"application\/ld+json\" class=\"yoast-schema-graph\">{\"@context\":\"https:\\\/\\\/schema.org\",\"@graph\":[{\"@type\":\"Article\",\"@id\":\"https:\\\/\\\/www.black-jaguar.org\\\/pt-br\\\/carlos-felix-entrevista\\\/#article\",\"isPartOf\":{\"@id\":\"https:\\\/\\\/www.black-jaguar.org\\\/pt-br\\\/carlos-felix-entrevista\\\/\"},\"author\":{\"name\":\"Ana Paula Mendes\",\"@id\":\"https:\\\/\\\/www.black-jaguar.org\\\/pt-br\\\/#\\\/schema\\\/person\\\/c3bb0ccb39c1d5102f2fbff235906901\"},\"headline\":\"Entrevista com Carlos F\u00e9lix: conhe\u00e7a nosso parceiro propriet\u00e1rio da Fazenda Bela Vista\",\"datePublished\":\"2023-09-17T14:49:27+00:00\",\"dateModified\":\"2023-09-17T16:37:01+00:00\",\"mainEntityOfPage\":{\"@id\":\"https:\\\/\\\/www.black-jaguar.org\\\/pt-br\\\/carlos-felix-entrevista\\\/\"},\"wordCount\":2173,\"publisher\":{\"@id\":\"https:\\\/\\\/www.black-jaguar.org\\\/pt-br\\\/#organization\"},\"image\":{\"@id\":\"https:\\\/\\\/www.black-jaguar.org\\\/pt-br\\\/carlos-felix-entrevista\\\/#primaryimage\"},\"thumbnailUrl\":\"https:\\\/\\\/www.black-jaguar.org\\\/wp-content\\\/uploads\\\/2023\\\/09\\\/CarlosFelix_560x374.png\",\"articleSection\":[\"News Home\"],\"inLanguage\":\"pt-BR\"},{\"@type\":\"WebPage\",\"@id\":\"https:\\\/\\\/www.black-jaguar.org\\\/pt-br\\\/carlos-felix-entrevista\\\/\",\"url\":\"https:\\\/\\\/www.black-jaguar.org\\\/pt-br\\\/carlos-felix-entrevista\\\/\",\"name\":\"Entrevista com Carlos F\u00e9lix: conhe\u00e7a nosso parceiro propriet\u00e1rio da Fazenda Bela Vista - Black Jaguar Foundation\",\"isPartOf\":{\"@id\":\"https:\\\/\\\/www.black-jaguar.org\\\/pt-br\\\/#website\"},\"primaryImageOfPage\":{\"@id\":\"https:\\\/\\\/www.black-jaguar.org\\\/pt-br\\\/carlos-felix-entrevista\\\/#primaryimage\"},\"image\":{\"@id\":\"https:\\\/\\\/www.black-jaguar.org\\\/pt-br\\\/carlos-felix-entrevista\\\/#primaryimage\"},\"thumbnailUrl\":\"https:\\\/\\\/www.black-jaguar.org\\\/wp-content\\\/uploads\\\/2023\\\/09\\\/CarlosFelix_560x374.png\",\"datePublished\":\"2023-09-17T14:49:27+00:00\",\"dateModified\":\"2023-09-17T16:37:01+00:00\",\"description\":\"Queremos apresentar Carlos F\u00e9lix, propriet\u00e1rio da Fazenda Bela Vista e parceiro da Black Jaguar Foundation. Confira nossa conversa!\",\"breadcrumb\":{\"@id\":\"https:\\\/\\\/www.black-jaguar.org\\\/pt-br\\\/carlos-felix-entrevista\\\/#breadcrumb\"},\"inLanguage\":\"pt-BR\",\"potentialAction\":[{\"@type\":\"ReadAction\",\"target\":[\"https:\\\/\\\/www.black-jaguar.org\\\/pt-br\\\/carlos-felix-entrevista\\\/\"]}]},{\"@type\":\"ImageObject\",\"inLanguage\":\"pt-BR\",\"@id\":\"https:\\\/\\\/www.black-jaguar.org\\\/pt-br\\\/carlos-felix-entrevista\\\/#primaryimage\",\"url\":\"https:\\\/\\\/www.black-jaguar.org\\\/wp-content\\\/uploads\\\/2023\\\/09\\\/CarlosFelix_560x374.png\",\"contentUrl\":\"https:\\\/\\\/www.black-jaguar.org\\\/wp-content\\\/uploads\\\/2023\\\/09\\\/CarlosFelix_560x374.png\",\"width\":560,\"height\":374},{\"@type\":\"BreadcrumbList\",\"@id\":\"https:\\\/\\\/www.black-jaguar.org\\\/pt-br\\\/carlos-felix-entrevista\\\/#breadcrumb\",\"itemListElement\":[{\"@type\":\"ListItem\",\"position\":1,\"name\":\"Home\",\"item\":\"https:\\\/\\\/www.black-jaguar.org\\\/pt-br\\\/\"},{\"@type\":\"ListItem\",\"position\":2,\"name\":\"Entrevista com Carlos F\u00e9lix: conhe\u00e7a nosso parceiro propriet\u00e1rio da Fazenda Bela Vista\"}]},{\"@type\":\"WebSite\",\"@id\":\"https:\\\/\\\/www.black-jaguar.org\\\/pt-br\\\/#website\",\"url\":\"https:\\\/\\\/www.black-jaguar.org\\\/pt-br\\\/\",\"name\":\"Black Jaguar Foundation\",\"description\":\"realising the largest biodiversity corridor on earth\",\"publisher\":{\"@id\":\"https:\\\/\\\/www.black-jaguar.org\\\/pt-br\\\/#organization\"},\"potentialAction\":[{\"@type\":\"SearchAction\",\"target\":{\"@type\":\"EntryPoint\",\"urlTemplate\":\"https:\\\/\\\/www.black-jaguar.org\\\/pt-br\\\/?s={search_term_string}\"},\"query-input\":{\"@type\":\"PropertyValueSpecification\",\"valueRequired\":true,\"valueName\":\"search_term_string\"}}],\"inLanguage\":\"pt-BR\"},{\"@type\":\"Organization\",\"@id\":\"https:\\\/\\\/www.black-jaguar.org\\\/pt-br\\\/#organization\",\"name\":\"Black Jaguar Foundation\",\"url\":\"https:\\\/\\\/www.black-jaguar.org\\\/pt-br\\\/\",\"logo\":{\"@type\":\"ImageObject\",\"inLanguage\":\"pt-BR\",\"@id\":\"https:\\\/\\\/www.black-jaguar.org\\\/pt-br\\\/#\\\/schema\\\/logo\\\/image\\\/\",\"url\":\"https:\\\/\\\/www.black-jaguar.org\\\/wp-content\\\/uploads\\\/2021\\\/07\\\/2.-PNG_BJF_LOGO_21_April_2020-1.png\",\"contentUrl\":\"https:\\\/\\\/www.black-jaguar.org\\\/wp-content\\\/uploads\\\/2021\\\/07\\\/2.-PNG_BJF_LOGO_21_April_2020-1.png\",\"width\":519,\"height\":537,\"caption\":\"Black Jaguar Foundation\"},\"image\":{\"@id\":\"https:\\\/\\\/www.black-jaguar.org\\\/pt-br\\\/#\\\/schema\\\/logo\\\/image\\\/\"}},{\"@type\":\"Person\",\"@id\":\"https:\\\/\\\/www.black-jaguar.org\\\/pt-br\\\/#\\\/schema\\\/person\\\/c3bb0ccb39c1d5102f2fbff235906901\",\"name\":\"Ana Paula Mendes\",\"image\":{\"@type\":\"ImageObject\",\"inLanguage\":\"pt-BR\",\"@id\":\"https:\\\/\\\/secure.gravatar.com\\\/avatar\\\/239f795260150786312c9ada87e81ff94fa5ce3a9faa02189d7db665b164497e?s=96&d=mm&r=g\",\"url\":\"https:\\\/\\\/secure.gravatar.com\\\/avatar\\\/239f795260150786312c9ada87e81ff94fa5ce3a9faa02189d7db665b164497e?s=96&d=mm&r=g\",\"contentUrl\":\"https:\\\/\\\/secure.gravatar.com\\\/avatar\\\/239f795260150786312c9ada87e81ff94fa5ce3a9faa02189d7db665b164497e?s=96&d=mm&r=g\",\"caption\":\"Ana Paula Mendes\"},\"url\":\"https:\\\/\\\/www.black-jaguar.org\\\/pt-br\\\/author\\\/a-mendesblack-jaguar-org\\\/\"}]}<\/script>\n<!-- \/ Yoast SEO plugin. -->","yoast_head_json":{"title":"Entrevista com Carlos F\u00e9lix: conhe\u00e7a nosso parceiro propriet\u00e1rio da Fazenda Bela Vista - Black Jaguar Foundation","description":"Queremos apresentar Carlos F\u00e9lix, propriet\u00e1rio da Fazenda Bela Vista e parceiro da Black Jaguar Foundation. Confira nossa conversa!","robots":{"index":"index","follow":"follow","max-snippet":"max-snippet:-1","max-image-preview":"max-image-preview:large","max-video-preview":"max-video-preview:-1"},"canonical":"https:\/\/www.black-jaguar.org\/pt-br\/carlos-felix-entrevista\/","og_locale":"pt_BR","og_type":"article","og_title":"Entrevista com Carlos F\u00e9lix: conhe\u00e7a nosso parceiro propriet\u00e1rio da Fazenda Bela Vista - Black Jaguar Foundation","og_description":"Queremos apresentar Carlos F\u00e9lix, propriet\u00e1rio da Fazenda Bela Vista e parceiro da Black Jaguar Foundation. Confira nossa conversa!","og_url":"https:\/\/www.black-jaguar.org\/pt-br\/carlos-felix-entrevista\/","og_site_name":"Black Jaguar Foundation","article_published_time":"2023-09-17T14:49:27+00:00","article_modified_time":"2023-09-17T16:37:01+00:00","og_image":[{"width":560,"height":374,"url":"https:\/\/www.black-jaguar.org\/wp-content\/uploads\/2023\/09\/CarlosFelix_560x374.png","type":"image\/png"}],"author":"Ana Paula Mendes","twitter_card":"summary_large_image","twitter_misc":{"Escrito por":"Ana Paula Mendes","Est. tempo de leitura":"7 minutos"},"schema":{"@context":"https:\/\/schema.org","@graph":[{"@type":"Article","@id":"https:\/\/www.black-jaguar.org\/pt-br\/carlos-felix-entrevista\/#article","isPartOf":{"@id":"https:\/\/www.black-jaguar.org\/pt-br\/carlos-felix-entrevista\/"},"author":{"name":"Ana Paula Mendes","@id":"https:\/\/www.black-jaguar.org\/pt-br\/#\/schema\/person\/c3bb0ccb39c1d5102f2fbff235906901"},"headline":"Entrevista com Carlos F\u00e9lix: conhe\u00e7a nosso parceiro propriet\u00e1rio da Fazenda Bela Vista","datePublished":"2023-09-17T14:49:27+00:00","dateModified":"2023-09-17T16:37:01+00:00","mainEntityOfPage":{"@id":"https:\/\/www.black-jaguar.org\/pt-br\/carlos-felix-entrevista\/"},"wordCount":2173,"publisher":{"@id":"https:\/\/www.black-jaguar.org\/pt-br\/#organization"},"image":{"@id":"https:\/\/www.black-jaguar.org\/pt-br\/carlos-felix-entrevista\/#primaryimage"},"thumbnailUrl":"https:\/\/www.black-jaguar.org\/wp-content\/uploads\/2023\/09\/CarlosFelix_560x374.png","articleSection":["News Home"],"inLanguage":"pt-BR"},{"@type":"WebPage","@id":"https:\/\/www.black-jaguar.org\/pt-br\/carlos-felix-entrevista\/","url":"https:\/\/www.black-jaguar.org\/pt-br\/carlos-felix-entrevista\/","name":"Entrevista com Carlos F\u00e9lix: conhe\u00e7a nosso parceiro propriet\u00e1rio da Fazenda Bela Vista - Black Jaguar Foundation","isPartOf":{"@id":"https:\/\/www.black-jaguar.org\/pt-br\/#website"},"primaryImageOfPage":{"@id":"https:\/\/www.black-jaguar.org\/pt-br\/carlos-felix-entrevista\/#primaryimage"},"image":{"@id":"https:\/\/www.black-jaguar.org\/pt-br\/carlos-felix-entrevista\/#primaryimage"},"thumbnailUrl":"https:\/\/www.black-jaguar.org\/wp-content\/uploads\/2023\/09\/CarlosFelix_560x374.png","datePublished":"2023-09-17T14:49:27+00:00","dateModified":"2023-09-17T16:37:01+00:00","description":"Queremos apresentar Carlos F\u00e9lix, propriet\u00e1rio da Fazenda Bela Vista e parceiro da Black Jaguar Foundation. Confira nossa conversa!","breadcrumb":{"@id":"https:\/\/www.black-jaguar.org\/pt-br\/carlos-felix-entrevista\/#breadcrumb"},"inLanguage":"pt-BR","potentialAction":[{"@type":"ReadAction","target":["https:\/\/www.black-jaguar.org\/pt-br\/carlos-felix-entrevista\/"]}]},{"@type":"ImageObject","inLanguage":"pt-BR","@id":"https:\/\/www.black-jaguar.org\/pt-br\/carlos-felix-entrevista\/#primaryimage","url":"https:\/\/www.black-jaguar.org\/wp-content\/uploads\/2023\/09\/CarlosFelix_560x374.png","contentUrl":"https:\/\/www.black-jaguar.org\/wp-content\/uploads\/2023\/09\/CarlosFelix_560x374.png","width":560,"height":374},{"@type":"BreadcrumbList","@id":"https:\/\/www.black-jaguar.org\/pt-br\/carlos-felix-entrevista\/#breadcrumb","itemListElement":[{"@type":"ListItem","position":1,"name":"Home","item":"https:\/\/www.black-jaguar.org\/pt-br\/"},{"@type":"ListItem","position":2,"name":"Entrevista com Carlos F\u00e9lix: conhe\u00e7a nosso parceiro propriet\u00e1rio da Fazenda Bela Vista"}]},{"@type":"WebSite","@id":"https:\/\/www.black-jaguar.org\/pt-br\/#website","url":"https:\/\/www.black-jaguar.org\/pt-br\/","name":"Black Jaguar Foundation","description":"realising the largest biodiversity corridor on earth","publisher":{"@id":"https:\/\/www.black-jaguar.org\/pt-br\/#organization"},"potentialAction":[{"@type":"SearchAction","target":{"@type":"EntryPoint","urlTemplate":"https:\/\/www.black-jaguar.org\/pt-br\/?s={search_term_string}"},"query-input":{"@type":"PropertyValueSpecification","valueRequired":true,"valueName":"search_term_string"}}],"inLanguage":"pt-BR"},{"@type":"Organization","@id":"https:\/\/www.black-jaguar.org\/pt-br\/#organization","name":"Black Jaguar Foundation","url":"https:\/\/www.black-jaguar.org\/pt-br\/","logo":{"@type":"ImageObject","inLanguage":"pt-BR","@id":"https:\/\/www.black-jaguar.org\/pt-br\/#\/schema\/logo\/image\/","url":"https:\/\/www.black-jaguar.org\/wp-content\/uploads\/2021\/07\/2.-PNG_BJF_LOGO_21_April_2020-1.png","contentUrl":"https:\/\/www.black-jaguar.org\/wp-content\/uploads\/2021\/07\/2.-PNG_BJF_LOGO_21_April_2020-1.png","width":519,"height":537,"caption":"Black Jaguar Foundation"},"image":{"@id":"https:\/\/www.black-jaguar.org\/pt-br\/#\/schema\/logo\/image\/"}},{"@type":"Person","@id":"https:\/\/www.black-jaguar.org\/pt-br\/#\/schema\/person\/c3bb0ccb39c1d5102f2fbff235906901","name":"Ana Paula Mendes","image":{"@type":"ImageObject","inLanguage":"pt-BR","@id":"https:\/\/secure.gravatar.com\/avatar\/239f795260150786312c9ada87e81ff94fa5ce3a9faa02189d7db665b164497e?s=96&d=mm&r=g","url":"https:\/\/secure.gravatar.com\/avatar\/239f795260150786312c9ada87e81ff94fa5ce3a9faa02189d7db665b164497e?s=96&d=mm&r=g","contentUrl":"https:\/\/secure.gravatar.com\/avatar\/239f795260150786312c9ada87e81ff94fa5ce3a9faa02189d7db665b164497e?s=96&d=mm&r=g","caption":"Ana Paula Mendes"},"url":"https:\/\/www.black-jaguar.org\/pt-br\/author\/a-mendesblack-jaguar-org\/"}]}},"_links":{"self":[{"href":"https:\/\/www.black-jaguar.org\/pt-br\/wp-json\/wp\/v2\/posts\/39107","targetHints":{"allow":["GET"]}}],"collection":[{"href":"https:\/\/www.black-jaguar.org\/pt-br\/wp-json\/wp\/v2\/posts"}],"about":[{"href":"https:\/\/www.black-jaguar.org\/pt-br\/wp-json\/wp\/v2\/types\/post"}],"author":[{"embeddable":true,"href":"https:\/\/www.black-jaguar.org\/pt-br\/wp-json\/wp\/v2\/users\/57"}],"replies":[{"embeddable":true,"href":"https:\/\/www.black-jaguar.org\/pt-br\/wp-json\/wp\/v2\/comments?post=39107"}],"version-history":[{"count":3,"href":"https:\/\/www.black-jaguar.org\/pt-br\/wp-json\/wp\/v2\/posts\/39107\/revisions"}],"predecessor-version":[{"id":39162,"href":"https:\/\/www.black-jaguar.org\/pt-br\/wp-json\/wp\/v2\/posts\/39107\/revisions\/39162"}],"wp:featuredmedia":[{"embeddable":true,"href":"https:\/\/www.black-jaguar.org\/pt-br\/wp-json\/wp\/v2\/media\/39111"}],"wp:attachment":[{"href":"https:\/\/www.black-jaguar.org\/pt-br\/wp-json\/wp\/v2\/media?parent=39107"}],"wp:term":[{"taxonomy":"category","embeddable":true,"href":"https:\/\/www.black-jaguar.org\/pt-br\/wp-json\/wp\/v2\/categories?post=39107"},{"taxonomy":"post_tag","embeddable":true,"href":"https:\/\/www.black-jaguar.org\/pt-br\/wp-json\/wp\/v2\/tags?post=39107"}],"curies":[{"name":"wp","href":"https:\/\/api.w.org\/{rel}","templated":true}]}}