{"id":36567,"date":"2023-05-25T11:05:27","date_gmt":"2023-05-25T09:05:27","guid":{"rendered":"https:\/\/www.black-jaguar.org\/?p=36567"},"modified":"2023-05-25T15:09:31","modified_gmt":"2023-05-25T13:09:31","slug":"codigo-florestal-brasileiro-11-anos","status":"publish","type":"post","link":"https:\/\/www.black-jaguar.org\/pt-br\/codigo-florestal-brasileiro-11-anos\/","title":{"rendered":"C\u00f3digo Florestal Brasileiro completa 11 anos"},"content":{"rendered":"[vc_row type=&#8221;in_container&#8221; full_screen_row_position=&#8221;middle&#8221; column_margin=&#8221;default&#8221; column_direction=&#8221;default&#8221; column_direction_tablet=&#8221;default&#8221; column_direction_phone=&#8221;default&#8221; scene_position=&#8221;center&#8221; text_color=&#8221;dark&#8221; text_align=&#8221;left&#8221; row_border_radius=&#8221;none&#8221; row_border_radius_applies=&#8221;bg&#8221; overflow=&#8221;visible&#8221; overlay_strength=&#8221;0.3&#8243; gradient_direction=&#8221;left_to_right&#8221; shape_divider_position=&#8221;bottom&#8221; bg_image_animation=&#8221;none&#8221;][vc_column column_padding=&#8221;no-extra-padding&#8221; column_padding_tablet=&#8221;inherit&#8221; column_padding_phone=&#8221;inherit&#8221; column_padding_position=&#8221;all&#8221; column_element_direction_desktop=&#8221;default&#8221; column_element_spacing=&#8221;default&#8221; desktop_text_alignment=&#8221;default&#8221; tablet_text_alignment=&#8221;default&#8221; phone_text_alignment=&#8221;default&#8221; background_color_opacity=&#8221;1&#8243; background_hover_color_opacity=&#8221;1&#8243; column_backdrop_filter=&#8221;none&#8221; column_shadow=&#8221;none&#8221; column_border_radius=&#8221;none&#8221; column_link_target=&#8221;_self&#8221; column_position=&#8221;default&#8221; gradient_direction=&#8221;left_to_right&#8221; overlay_strength=&#8221;0.3&#8243; width=&#8221;1\/1&#8243; tablet_width_inherit=&#8221;default&#8221; animation_type=&#8221;default&#8221; bg_image_animation=&#8221;none&#8221; border_type=&#8221;simple&#8221; column_border_width=&#8221;none&#8221; column_border_style=&#8221;solid&#8221;][vc_column_text]O C\u00f3digo Florestal Brasileiro \u00e9 o nome pelo qual ficou conhecida a Lei n\u00ba 12.651\/2012, principal respons\u00e1vel por regular a conserva\u00e7\u00e3o e o uso da vegeta\u00e7\u00e3o nativa existente nas propriedades rurais privadas do pa\u00eds.<\/p>\n<p>No entanto, ainda h\u00e1 bastante confus\u00e3o a respeito de suas determina\u00e7\u00f5es. Pensando nisso, n\u00f3s resolvemos explicar um pouco como funciona a pol\u00edtica de preserva\u00e7\u00e3o e uso da vegeta\u00e7\u00e3o nativa, em especial, na Regi\u00e3o do Araguaia.[\/vc_column_text][divider line_type=&#8221;No Line&#8221;][\/vc_column][\/vc_row][vc_row type=&#8221;in_container&#8221; full_screen_row_position=&#8221;middle&#8221; column_margin=&#8221;default&#8221; column_direction=&#8221;default&#8221; column_direction_tablet=&#8221;default&#8221; column_direction_phone=&#8221;default&#8221; scene_position=&#8221;center&#8221; text_color=&#8221;dark&#8221; text_align=&#8221;left&#8221; row_border_radius=&#8221;none&#8221; row_border_radius_applies=&#8221;bg&#8221; overflow=&#8221;visible&#8221; overlay_strength=&#8221;0.3&#8243; gradient_direction=&#8221;left_to_right&#8221; shape_divider_position=&#8221;bottom&#8221; bg_image_animation=&#8221;none&#8221;][vc_column column_padding=&#8221;no-extra-padding&#8221; column_padding_tablet=&#8221;inherit&#8221; column_padding_phone=&#8221;inherit&#8221; column_padding_position=&#8221;all&#8221; column_element_direction_desktop=&#8221;default&#8221; column_element_spacing=&#8221;default&#8221; desktop_text_alignment=&#8221;default&#8221; tablet_text_alignment=&#8221;default&#8221; phone_text_alignment=&#8221;default&#8221; background_color_opacity=&#8221;1&#8243; background_hover_color_opacity=&#8221;1&#8243; column_backdrop_filter=&#8221;none&#8221; column_shadow=&#8221;none&#8221; column_border_radius=&#8221;none&#8221; column_link_target=&#8221;_self&#8221; column_position=&#8221;default&#8221; gradient_direction=&#8221;left_to_right&#8221; overlay_strength=&#8221;0.3&#8243; width=&#8221;1\/1&#8243; tablet_width_inherit=&#8221;default&#8221; animation_type=&#8221;default&#8221; bg_image_animation=&#8221;none&#8221; border_type=&#8221;simple&#8221; column_border_width=&#8221;none&#8221; column_border_style=&#8221;solid&#8221;][vc_column_text]\n<h5 style=\"text-align: left;\"><strong>Entenda melhor algumas disposi\u00e7\u00f5es apresentadas na legisla\u00e7\u00e3o:<\/strong><\/h5>\n[\/vc_column_text][divider line_type=&#8221;No Line&#8221;][vc_column_text]<strong>Reservas Legais:<\/strong> s\u00e3o por\u00e7\u00f5es de vegeta\u00e7\u00e3o nativa que devem ser mantidas (ou restauradas, ou compensadas) nas propriedades rurais brasileiras, nas seguintes propor\u00e7\u00f5es:[\/vc_column_text][divider line_type=&#8221;No Line&#8221;][image_with_animation image_url=&#8221;36733&#8243; image_size=&#8221;full&#8221; animation_type=&#8221;entrance&#8221; animation=&#8221;None&#8221; animation_movement_type=&#8221;transform_y&#8221; hover_animation=&#8221;none&#8221; alignment=&#8221;&#8221; img_link_target=&#8221;_blank&#8221; border_radius=&#8221;none&#8221; box_shadow=&#8221;none&#8221; image_loading=&#8221;default&#8221; max_width=&#8221;100%&#8221; max_width_mobile=&#8221;default&#8221; img_link=&#8221;https:\/\/treelove.com\/en-nl\/collections\/little-treasures&#8221;][divider line_type=&#8221;No Line&#8221;][vc_column_text]<strong>Dentro da Amaz\u00f4nia Legal (Estados do MT, PA, AC, PA, TO, AM, RR, AP e parte do MA):<\/strong><\/p>\n<ul>\n<li>80% da propriedade quando a vegeta\u00e7\u00e3o \u00e9 de floresta;<\/li>\n<li>35% da propriedade quando a vegeta\u00e7\u00e3o \u00e9 de savana (Cerrado);<\/li>\n<li>20% da propriedade quando a vegeta\u00e7\u00e3o \u00e9 de campos.<\/li>\n<\/ul>\n<p><strong>Fora da Amaz\u00f4nia Legal (demais estados)<\/strong><\/p>\n<ul>\n<li>20% da propriedade, n\u00e3o importa qual a vegeta\u00e7\u00e3o (se floresta, savana, Caatinga ou campos)<\/li>\n<\/ul>\n[\/vc_column_text][divider line_type=&#8221;No Line&#8221;][vc_column_text]<strong>\u00c1reas de Preserva\u00e7\u00e3o Permanente:<\/strong> s\u00e3o entidades diferentes das Reservas Legais, pois o posicionamento delas est\u00e1 atrelado a algum atributo da paisagem. S\u00e3o \u00e1reas em volta de rios, lagos, nascentes, bordas de chapadas, \u00e1reas declivosas e topos de morro.<\/p>\n<p>As APPs s\u00e3o, em geral, faixas lineares de vegeta\u00e7\u00e3o nativa (n\u00e3o necessariamente floresta) que devem ser preservadas (ou restauradas, mas n\u00e3o compensadas) ao redor destes atributos das paisagens. Ent\u00e3o o c\u00e1lculo se faz em metros.<\/p>\n<p>Por exemplo, a APP m\u00ednima para um rio \u00e9 uma faixa de 30 metros ao longo de cada margem. O problema \u00e9 que este crit\u00e9rio n\u00e3o se aplica \u00e0s \u00e1reas que precisam ser restauradas, somente \u00e0s \u00e1reas que precisam ser preservadas &#8211; o que complica um pouco o entendimento de como realizar a restaura\u00e7\u00e3o ecol\u00f3gica nessas regi\u00f5es.<\/p>\n<p>Observa\u00e7\u00e3o: O c\u00f4mputo da APP dentro da porcentagem da Reserva Legal s\u00f3 pode ser feito em circunst\u00e2ncias espec\u00edficas, como por exemplo a inexist\u00eancia de desmatamento na propriedade ap\u00f3s 22 de julho de 2008.[\/vc_column_text][divider line_type=&#8221;No Line&#8221;][vc_column_text]\n<h5 style=\"text-align: left;\"><strong>Black Jaguar Foundation: auxiliando o propriet\u00e1rio rural na regulariza\u00e7\u00e3o de suas terras<\/strong><\/h5>\n[\/vc_column_text][divider line_type=&#8221;No Line&#8221;][vc_column_text]A restaura\u00e7\u00e3o ecol\u00f3gica pode ser uma atividade onerosa a bastante complexa para o propriet\u00e1rio rural. Por isso, \u00e9 importante sempre consultar a lei e, quando necess\u00e1rio, contar com a ajuda de profissionais especializados.<\/p>\n<p>E a Black Jaguar Foundation est\u00e1 aqui para auxiliar o produtor rural a realizar gratuitamente a sua adequa\u00e7\u00e3o ambiental em concord\u00e2ncia ao C\u00f3digo Florestal Brasileiro.[\/vc_column_text][divider line_type=&#8221;No Line&#8221;][vc_video link=&#8221;https:\/\/vimeo.com\/829374211&#8243;][divider line_type=&#8221;No Line&#8221;][vc_column_text]<strong>Como \u00e9 conduzido o projeto?<\/strong><\/p>\n<p>A equipe t\u00e9cnica da Black Jaguar Foundation est\u00e1 presente em todas as etapas que envolvem a adequa\u00e7\u00e3o ambiental de sua propriedade. Entenda como conduzimos o processo de restaura\u00e7\u00e3o ecol\u00f3gica:[\/vc_column_text][divider line_type=&#8221;No Line&#8221;][image_with_animation image_url=&#8221;36737&#8243; image_size=&#8221;full&#8221; animation_type=&#8221;entrance&#8221; animation=&#8221;None&#8221; animation_movement_type=&#8221;transform_y&#8221; hover_animation=&#8221;none&#8221; alignment=&#8221;&#8221; img_link_target=&#8221;_blank&#8221; border_radius=&#8221;none&#8221; box_shadow=&#8221;none&#8221; image_loading=&#8221;default&#8221; max_width=&#8221;100%&#8221; max_width_mobile=&#8221;default&#8221; img_link=&#8221;https:\/\/treelove.com\/en-nl\/collections\/little-treasures&#8221;][divider line_type=&#8221;No Line&#8221;][\/vc_column][\/vc_row][vc_row type=&#8221;in_container&#8221; full_screen_row_position=&#8221;middle&#8221; column_margin=&#8221;default&#8221; column_direction=&#8221;default&#8221; column_direction_tablet=&#8221;default&#8221; column_direction_phone=&#8221;default&#8221; scene_position=&#8221;center&#8221; text_color=&#8221;dark&#8221; text_align=&#8221;left&#8221; row_border_radius=&#8221;none&#8221; row_border_radius_applies=&#8221;bg&#8221; overflow=&#8221;visible&#8221; overlay_strength=&#8221;0.3&#8243; gradient_direction=&#8221;left_to_right&#8221; shape_divider_position=&#8221;bottom&#8221; bg_image_animation=&#8221;none&#8221;][vc_column column_padding=&#8221;no-extra-padding&#8221; column_padding_tablet=&#8221;inherit&#8221; column_padding_phone=&#8221;inherit&#8221; column_padding_position=&#8221;all&#8221; column_element_direction_desktop=&#8221;default&#8221; column_element_spacing=&#8221;default&#8221; desktop_text_alignment=&#8221;default&#8221; tablet_text_alignment=&#8221;default&#8221; phone_text_alignment=&#8221;default&#8221; background_color_opacity=&#8221;1&#8243; background_hover_color_opacity=&#8221;1&#8243; column_backdrop_filter=&#8221;none&#8221; column_shadow=&#8221;none&#8221; column_border_radius=&#8221;none&#8221; column_link_target=&#8221;_self&#8221; column_position=&#8221;default&#8221; gradient_direction=&#8221;left_to_right&#8221; overlay_strength=&#8221;0.3&#8243; width=&#8221;1\/1&#8243; tablet_width_inherit=&#8221;default&#8221; animation_type=&#8221;default&#8221; bg_image_animation=&#8221;none&#8221; border_type=&#8221;simple&#8221; column_border_width=&#8221;none&#8221; column_border_style=&#8221;solid&#8221;][divider line_type=&#8221;No Line&#8221;]<div class=\"sharing-default-minimal\"><div class=\"nectar-social default\" data-position=\"left\" data-color-override=\"only_when_needed\"><div class=\"nectar-social-inner\"><a class='facebook-share nectar-sharing' href='#' title='Share this'>  <i class='fa fa-facebook'><\/i> <span class='social-text'>Share<\/span> <\/a><a class='twitter-share nectar-sharing' href='#' title='Share this'> <i class='fa icon-salient-x-twitter'><\/i> <span class='social-text'>Share<\/span> <\/a><a class='linkedin-share nectar-sharing' href='#' title='Share this'> <i class='fa fa-linkedin'><\/i> <span class='social-text'>Share<\/span> <\/a><\/div><\/div><\/div>[divider line_type=&#8221;No Line&#8221;][vc_column_text]\n<h4 style=\"text-align: center;\"><strong>Ficou interessado e gostaria de entender melhor como funciona a nossa parceria com os propriet\u00e1rios rurais na regi\u00e3o do Araguaia? Entre em contato conosco e inicie j\u00e1 a regulariza\u00e7\u00e3o de sua propriedade!<\/strong><\/h4>\n[\/vc_column_text][divider line_type=&#8221;No Line&#8221;][\/vc_column][\/vc_row][vc_row type=&#8221;in_container&#8221; full_screen_row_position=&#8221;middle&#8221; column_margin=&#8221;default&#8221; column_direction=&#8221;default&#8221; column_direction_tablet=&#8221;default&#8221; column_direction_phone=&#8221;default&#8221; scene_position=&#8221;center&#8221; text_color=&#8221;dark&#8221; text_align=&#8221;left&#8221; row_border_radius=&#8221;none&#8221; row_border_radius_applies=&#8221;bg&#8221; overflow=&#8221;visible&#8221; overlay_strength=&#8221;0.3&#8243; gradient_direction=&#8221;left_to_right&#8221; shape_divider_position=&#8221;bottom&#8221; bg_image_animation=&#8221;none&#8221;][vc_column column_padding=&#8221;no-extra-padding&#8221; column_padding_tablet=&#8221;inherit&#8221; column_padding_phone=&#8221;inherit&#8221; column_padding_position=&#8221;all&#8221; column_element_direction_desktop=&#8221;default&#8221; column_element_spacing=&#8221;default&#8221; desktop_text_alignment=&#8221;default&#8221; tablet_text_alignment=&#8221;default&#8221; phone_text_alignment=&#8221;default&#8221; background_color_opacity=&#8221;1&#8243; background_hover_color_opacity=&#8221;1&#8243; column_backdrop_filter=&#8221;none&#8221; column_shadow=&#8221;none&#8221; column_border_radius=&#8221;none&#8221; column_link_target=&#8221;_self&#8221; column_position=&#8221;default&#8221; gradient_direction=&#8221;left_to_right&#8221; overlay_strength=&#8221;0.3&#8243; width=&#8221;1\/1&#8243; tablet_width_inherit=&#8221;default&#8221; animation_type=&#8221;default&#8221; bg_image_animation=&#8221;none&#8221; border_type=&#8221;simple&#8221; column_border_width=&#8221;none&#8221; column_border_style=&#8221;solid&#8221;][\/vc_column][\/vc_row]\n","protected":false},"excerpt":{"rendered":"<p>[vc_row type=&#8221;in_container&#8221; full_screen_row_position=&#8221;middle&#8221; column_margin=&#8221;default&#8221; column_direction=&#8221;default&#8221; column_direction_tablet=&#8221;default&#8221; column_direction_phone=&#8221;default&#8221; scene_position=&#8221;center&#8221; text_color=&#8221;dark&#8221; text_align=&#8221;left&#8221; row_border_radius=&#8221;none&#8221; row_border_radius_applies=&#8221;bg&#8221; overflow=&#8221;visible&#8221; overlay_strength=&#8221;0.3&#8243; gradient_direction=&#8221;left_to_right&#8221; shape_divider_position=&#8221;bottom&#8221; bg_image_animation=&#8221;none&#8221;][vc_column column_padding=&#8221;no-extra-padding&#8221; column_padding_tablet=&#8221;inherit&#8221; column_padding_phone=&#8221;inherit&#8221; column_padding_position=&#8221;all&#8221; column_element_direction_desktop=&#8221;default&#8221; column_element_spacing=&#8221;default&#8221; desktop_text_alignment=&#8221;default&#8221; tablet_text_alignment=&#8221;default&#8221; phone_text_alignment=&#8221;default&#8221; background_color_opacity=&#8221;1&#8243; background_hover_color_opacity=&#8221;1&#8243; column_backdrop_filter=&#8221;none&#8221; column_shadow=&#8221;none&#8221;&#8230;<\/p>\n","protected":false},"author":55,"featured_media":36741,"comment_status":"closed","ping_status":"closed","sticky":false,"template":"","format":"standard","meta":{"footnotes":""},"categories":[82],"tags":[],"class_list":{"0":"post-36567","1":"post","2":"type-post","3":"status-publish","4":"format-standard","5":"has-post-thumbnail","7":"category-news-home-pt-br"},"yoast_head":"<!-- This site is optimized with the Yoast SEO plugin v27.4 - https:\/\/yoast.com\/product\/yoast-seo-wordpress\/ -->\n<title>C\u00f3digo Florestal Brasileiro completa 11 anos - Black Jaguar Foundation<\/title>\n<meta name=\"description\" content=\"Will you join us this mother&#039;s day and give the most sustainable gift of all? Give life, give beauty, give to our future...give trees!\" \/>\n<meta name=\"robots\" content=\"index, follow, max-snippet:-1, max-image-preview:large, max-video-preview:-1\" \/>\n<link rel=\"canonical\" href=\"https:\/\/www.black-jaguar.org\/pt-br\/codigo-florestal-brasileiro-11-anos\/\" \/>\n<meta property=\"og:locale\" content=\"pt_BR\" \/>\n<meta property=\"og:type\" content=\"article\" \/>\n<meta property=\"og:title\" content=\"C\u00f3digo Florestal Brasileiro completa 11 anos - Black Jaguar Foundation\" \/>\n<meta property=\"og:description\" content=\"Will you join us this mother&#039;s day and give the most sustainable gift of all? Give life, give beauty, give to our future...give trees!\" \/>\n<meta property=\"og:url\" content=\"https:\/\/www.black-jaguar.org\/pt-br\/codigo-florestal-brasileiro-11-anos\/\" \/>\n<meta property=\"og:site_name\" content=\"Black Jaguar Foundation\" \/>\n<meta property=\"article:published_time\" content=\"2023-05-25T09:05:27+00:00\" \/>\n<meta property=\"article:modified_time\" content=\"2023-05-25T13:09:31+00:00\" \/>\n<meta property=\"og:image\" content=\"https:\/\/www.black-jaguar.org\/wp-content\/uploads\/2023\/05\/May-Newsletter-2023-Codigo-florestal-featured-PT.png\" \/>\n\t<meta property=\"og:image:width\" content=\"560\" \/>\n\t<meta property=\"og:image:height\" content=\"374\" \/>\n\t<meta property=\"og:image:type\" content=\"image\/png\" \/>\n<meta name=\"author\" content=\"Julia Silveira\" \/>\n<meta name=\"twitter:card\" content=\"summary_large_image\" \/>\n<meta name=\"twitter:label1\" content=\"Escrito por\" \/>\n\t<meta name=\"twitter:data1\" content=\"Julia Silveira\" \/>\n\t<meta name=\"twitter:label2\" content=\"Est. tempo de leitura\" \/>\n\t<meta name=\"twitter:data2\" content=\"4 minutos\" \/>\n<script type=\"application\/ld+json\" class=\"yoast-schema-graph\">{\"@context\":\"https:\\\/\\\/schema.org\",\"@graph\":[{\"@type\":\"Article\",\"@id\":\"https:\\\/\\\/www.black-jaguar.org\\\/pt-br\\\/codigo-florestal-brasileiro-11-anos\\\/#article\",\"isPartOf\":{\"@id\":\"https:\\\/\\\/www.black-jaguar.org\\\/pt-br\\\/codigo-florestal-brasileiro-11-anos\\\/\"},\"author\":{\"name\":\"Julia Silveira\",\"@id\":\"https:\\\/\\\/www.black-jaguar.org\\\/pt-br\\\/#\\\/schema\\\/person\\\/43acb7d2518ac24737cf8f27d3f3278a\"},\"headline\":\"C\u00f3digo Florestal Brasileiro completa 11 anos\",\"datePublished\":\"2023-05-25T09:05:27+00:00\",\"dateModified\":\"2023-05-25T13:09:31+00:00\",\"mainEntityOfPage\":{\"@id\":\"https:\\\/\\\/www.black-jaguar.org\\\/pt-br\\\/codigo-florestal-brasileiro-11-anos\\\/\"},\"wordCount\":1375,\"publisher\":{\"@id\":\"https:\\\/\\\/www.black-jaguar.org\\\/pt-br\\\/#organization\"},\"image\":{\"@id\":\"https:\\\/\\\/www.black-jaguar.org\\\/pt-br\\\/codigo-florestal-brasileiro-11-anos\\\/#primaryimage\"},\"thumbnailUrl\":\"https:\\\/\\\/www.black-jaguar.org\\\/wp-content\\\/uploads\\\/2023\\\/05\\\/May-Newsletter-2023-Codigo-florestal-featured-PT.png\",\"articleSection\":[\"News Home\"],\"inLanguage\":\"pt-BR\"},{\"@type\":\"WebPage\",\"@id\":\"https:\\\/\\\/www.black-jaguar.org\\\/pt-br\\\/codigo-florestal-brasileiro-11-anos\\\/\",\"url\":\"https:\\\/\\\/www.black-jaguar.org\\\/pt-br\\\/codigo-florestal-brasileiro-11-anos\\\/\",\"name\":\"C\u00f3digo Florestal Brasileiro completa 11 anos - Black Jaguar Foundation\",\"isPartOf\":{\"@id\":\"https:\\\/\\\/www.black-jaguar.org\\\/pt-br\\\/#website\"},\"primaryImageOfPage\":{\"@id\":\"https:\\\/\\\/www.black-jaguar.org\\\/pt-br\\\/codigo-florestal-brasileiro-11-anos\\\/#primaryimage\"},\"image\":{\"@id\":\"https:\\\/\\\/www.black-jaguar.org\\\/pt-br\\\/codigo-florestal-brasileiro-11-anos\\\/#primaryimage\"},\"thumbnailUrl\":\"https:\\\/\\\/www.black-jaguar.org\\\/wp-content\\\/uploads\\\/2023\\\/05\\\/May-Newsletter-2023-Codigo-florestal-featured-PT.png\",\"datePublished\":\"2023-05-25T09:05:27+00:00\",\"dateModified\":\"2023-05-25T13:09:31+00:00\",\"description\":\"Will you join us this mother's day and give the most sustainable gift of all? Give life, give beauty, give to our future...give trees!\",\"breadcrumb\":{\"@id\":\"https:\\\/\\\/www.black-jaguar.org\\\/pt-br\\\/codigo-florestal-brasileiro-11-anos\\\/#breadcrumb\"},\"inLanguage\":\"pt-BR\",\"potentialAction\":[{\"@type\":\"ReadAction\",\"target\":[\"https:\\\/\\\/www.black-jaguar.org\\\/pt-br\\\/codigo-florestal-brasileiro-11-anos\\\/\"]}]},{\"@type\":\"ImageObject\",\"inLanguage\":\"pt-BR\",\"@id\":\"https:\\\/\\\/www.black-jaguar.org\\\/pt-br\\\/codigo-florestal-brasileiro-11-anos\\\/#primaryimage\",\"url\":\"https:\\\/\\\/www.black-jaguar.org\\\/wp-content\\\/uploads\\\/2023\\\/05\\\/May-Newsletter-2023-Codigo-florestal-featured-PT.png\",\"contentUrl\":\"https:\\\/\\\/www.black-jaguar.org\\\/wp-content\\\/uploads\\\/2023\\\/05\\\/May-Newsletter-2023-Codigo-florestal-featured-PT.png\",\"width\":560,\"height\":374},{\"@type\":\"BreadcrumbList\",\"@id\":\"https:\\\/\\\/www.black-jaguar.org\\\/pt-br\\\/codigo-florestal-brasileiro-11-anos\\\/#breadcrumb\",\"itemListElement\":[{\"@type\":\"ListItem\",\"position\":1,\"name\":\"Home\",\"item\":\"https:\\\/\\\/www.black-jaguar.org\\\/pt-br\\\/\"},{\"@type\":\"ListItem\",\"position\":2,\"name\":\"C\u00f3digo Florestal Brasileiro completa 11 anos\"}]},{\"@type\":\"WebSite\",\"@id\":\"https:\\\/\\\/www.black-jaguar.org\\\/pt-br\\\/#website\",\"url\":\"https:\\\/\\\/www.black-jaguar.org\\\/pt-br\\\/\",\"name\":\"Black Jaguar Foundation\",\"description\":\"realising the largest biodiversity corridor on earth\",\"publisher\":{\"@id\":\"https:\\\/\\\/www.black-jaguar.org\\\/pt-br\\\/#organization\"},\"potentialAction\":[{\"@type\":\"SearchAction\",\"target\":{\"@type\":\"EntryPoint\",\"urlTemplate\":\"https:\\\/\\\/www.black-jaguar.org\\\/pt-br\\\/?s={search_term_string}\"},\"query-input\":{\"@type\":\"PropertyValueSpecification\",\"valueRequired\":true,\"valueName\":\"search_term_string\"}}],\"inLanguage\":\"pt-BR\"},{\"@type\":\"Organization\",\"@id\":\"https:\\\/\\\/www.black-jaguar.org\\\/pt-br\\\/#organization\",\"name\":\"Black Jaguar Foundation\",\"url\":\"https:\\\/\\\/www.black-jaguar.org\\\/pt-br\\\/\",\"logo\":{\"@type\":\"ImageObject\",\"inLanguage\":\"pt-BR\",\"@id\":\"https:\\\/\\\/www.black-jaguar.org\\\/pt-br\\\/#\\\/schema\\\/logo\\\/image\\\/\",\"url\":\"https:\\\/\\\/www.black-jaguar.org\\\/wp-content\\\/uploads\\\/2021\\\/07\\\/2.-PNG_BJF_LOGO_21_April_2020-1.png\",\"contentUrl\":\"https:\\\/\\\/www.black-jaguar.org\\\/wp-content\\\/uploads\\\/2021\\\/07\\\/2.-PNG_BJF_LOGO_21_April_2020-1.png\",\"width\":519,\"height\":537,\"caption\":\"Black Jaguar Foundation\"},\"image\":{\"@id\":\"https:\\\/\\\/www.black-jaguar.org\\\/pt-br\\\/#\\\/schema\\\/logo\\\/image\\\/\"}},{\"@type\":\"Person\",\"@id\":\"https:\\\/\\\/www.black-jaguar.org\\\/pt-br\\\/#\\\/schema\\\/person\\\/43acb7d2518ac24737cf8f27d3f3278a\",\"name\":\"Julia Silveira\",\"image\":{\"@type\":\"ImageObject\",\"inLanguage\":\"pt-BR\",\"@id\":\"https:\\\/\\\/secure.gravatar.com\\\/avatar\\\/0c0baa3a335f0f41c172edd1ee6ccc8848818acaa876c7b4d2c57cbe5c1671b5?s=96&d=mm&r=g\",\"url\":\"https:\\\/\\\/secure.gravatar.com\\\/avatar\\\/0c0baa3a335f0f41c172edd1ee6ccc8848818acaa876c7b4d2c57cbe5c1671b5?s=96&d=mm&r=g\",\"contentUrl\":\"https:\\\/\\\/secure.gravatar.com\\\/avatar\\\/0c0baa3a335f0f41c172edd1ee6ccc8848818acaa876c7b4d2c57cbe5c1671b5?s=96&d=mm&r=g\",\"caption\":\"Julia Silveira\"},\"url\":\"https:\\\/\\\/www.black-jaguar.org\\\/pt-br\\\/author\\\/julia-silveira\\\/\"}]}<\/script>\n<!-- \/ Yoast SEO plugin. -->","yoast_head_json":{"title":"C\u00f3digo Florestal Brasileiro completa 11 anos - Black Jaguar Foundation","description":"Will you join us this mother's day and give the most sustainable gift of all? Give life, give beauty, give to our future...give trees!","robots":{"index":"index","follow":"follow","max-snippet":"max-snippet:-1","max-image-preview":"max-image-preview:large","max-video-preview":"max-video-preview:-1"},"canonical":"https:\/\/www.black-jaguar.org\/pt-br\/codigo-florestal-brasileiro-11-anos\/","og_locale":"pt_BR","og_type":"article","og_title":"C\u00f3digo Florestal Brasileiro completa 11 anos - Black Jaguar Foundation","og_description":"Will you join us this mother's day and give the most sustainable gift of all? Give life, give beauty, give to our future...give trees!","og_url":"https:\/\/www.black-jaguar.org\/pt-br\/codigo-florestal-brasileiro-11-anos\/","og_site_name":"Black Jaguar Foundation","article_published_time":"2023-05-25T09:05:27+00:00","article_modified_time":"2023-05-25T13:09:31+00:00","og_image":[{"width":560,"height":374,"url":"https:\/\/www.black-jaguar.org\/wp-content\/uploads\/2023\/05\/May-Newsletter-2023-Codigo-florestal-featured-PT.png","type":"image\/png"}],"author":"Julia Silveira","twitter_card":"summary_large_image","twitter_misc":{"Escrito por":"Julia Silveira","Est. tempo de leitura":"4 minutos"},"schema":{"@context":"https:\/\/schema.org","@graph":[{"@type":"Article","@id":"https:\/\/www.black-jaguar.org\/pt-br\/codigo-florestal-brasileiro-11-anos\/#article","isPartOf":{"@id":"https:\/\/www.black-jaguar.org\/pt-br\/codigo-florestal-brasileiro-11-anos\/"},"author":{"name":"Julia Silveira","@id":"https:\/\/www.black-jaguar.org\/pt-br\/#\/schema\/person\/43acb7d2518ac24737cf8f27d3f3278a"},"headline":"C\u00f3digo Florestal Brasileiro completa 11 anos","datePublished":"2023-05-25T09:05:27+00:00","dateModified":"2023-05-25T13:09:31+00:00","mainEntityOfPage":{"@id":"https:\/\/www.black-jaguar.org\/pt-br\/codigo-florestal-brasileiro-11-anos\/"},"wordCount":1375,"publisher":{"@id":"https:\/\/www.black-jaguar.org\/pt-br\/#organization"},"image":{"@id":"https:\/\/www.black-jaguar.org\/pt-br\/codigo-florestal-brasileiro-11-anos\/#primaryimage"},"thumbnailUrl":"https:\/\/www.black-jaguar.org\/wp-content\/uploads\/2023\/05\/May-Newsletter-2023-Codigo-florestal-featured-PT.png","articleSection":["News Home"],"inLanguage":"pt-BR"},{"@type":"WebPage","@id":"https:\/\/www.black-jaguar.org\/pt-br\/codigo-florestal-brasileiro-11-anos\/","url":"https:\/\/www.black-jaguar.org\/pt-br\/codigo-florestal-brasileiro-11-anos\/","name":"C\u00f3digo Florestal Brasileiro completa 11 anos - Black Jaguar Foundation","isPartOf":{"@id":"https:\/\/www.black-jaguar.org\/pt-br\/#website"},"primaryImageOfPage":{"@id":"https:\/\/www.black-jaguar.org\/pt-br\/codigo-florestal-brasileiro-11-anos\/#primaryimage"},"image":{"@id":"https:\/\/www.black-jaguar.org\/pt-br\/codigo-florestal-brasileiro-11-anos\/#primaryimage"},"thumbnailUrl":"https:\/\/www.black-jaguar.org\/wp-content\/uploads\/2023\/05\/May-Newsletter-2023-Codigo-florestal-featured-PT.png","datePublished":"2023-05-25T09:05:27+00:00","dateModified":"2023-05-25T13:09:31+00:00","description":"Will you join us this mother's day and give the most sustainable gift of all? Give life, give beauty, give to our future...give trees!","breadcrumb":{"@id":"https:\/\/www.black-jaguar.org\/pt-br\/codigo-florestal-brasileiro-11-anos\/#breadcrumb"},"inLanguage":"pt-BR","potentialAction":[{"@type":"ReadAction","target":["https:\/\/www.black-jaguar.org\/pt-br\/codigo-florestal-brasileiro-11-anos\/"]}]},{"@type":"ImageObject","inLanguage":"pt-BR","@id":"https:\/\/www.black-jaguar.org\/pt-br\/codigo-florestal-brasileiro-11-anos\/#primaryimage","url":"https:\/\/www.black-jaguar.org\/wp-content\/uploads\/2023\/05\/May-Newsletter-2023-Codigo-florestal-featured-PT.png","contentUrl":"https:\/\/www.black-jaguar.org\/wp-content\/uploads\/2023\/05\/May-Newsletter-2023-Codigo-florestal-featured-PT.png","width":560,"height":374},{"@type":"BreadcrumbList","@id":"https:\/\/www.black-jaguar.org\/pt-br\/codigo-florestal-brasileiro-11-anos\/#breadcrumb","itemListElement":[{"@type":"ListItem","position":1,"name":"Home","item":"https:\/\/www.black-jaguar.org\/pt-br\/"},{"@type":"ListItem","position":2,"name":"C\u00f3digo Florestal Brasileiro completa 11 anos"}]},{"@type":"WebSite","@id":"https:\/\/www.black-jaguar.org\/pt-br\/#website","url":"https:\/\/www.black-jaguar.org\/pt-br\/","name":"Black Jaguar Foundation","description":"realising the largest biodiversity corridor on earth","publisher":{"@id":"https:\/\/www.black-jaguar.org\/pt-br\/#organization"},"potentialAction":[{"@type":"SearchAction","target":{"@type":"EntryPoint","urlTemplate":"https:\/\/www.black-jaguar.org\/pt-br\/?s={search_term_string}"},"query-input":{"@type":"PropertyValueSpecification","valueRequired":true,"valueName":"search_term_string"}}],"inLanguage":"pt-BR"},{"@type":"Organization","@id":"https:\/\/www.black-jaguar.org\/pt-br\/#organization","name":"Black Jaguar Foundation","url":"https:\/\/www.black-jaguar.org\/pt-br\/","logo":{"@type":"ImageObject","inLanguage":"pt-BR","@id":"https:\/\/www.black-jaguar.org\/pt-br\/#\/schema\/logo\/image\/","url":"https:\/\/www.black-jaguar.org\/wp-content\/uploads\/2021\/07\/2.-PNG_BJF_LOGO_21_April_2020-1.png","contentUrl":"https:\/\/www.black-jaguar.org\/wp-content\/uploads\/2021\/07\/2.-PNG_BJF_LOGO_21_April_2020-1.png","width":519,"height":537,"caption":"Black Jaguar Foundation"},"image":{"@id":"https:\/\/www.black-jaguar.org\/pt-br\/#\/schema\/logo\/image\/"}},{"@type":"Person","@id":"https:\/\/www.black-jaguar.org\/pt-br\/#\/schema\/person\/43acb7d2518ac24737cf8f27d3f3278a","name":"Julia Silveira","image":{"@type":"ImageObject","inLanguage":"pt-BR","@id":"https:\/\/secure.gravatar.com\/avatar\/0c0baa3a335f0f41c172edd1ee6ccc8848818acaa876c7b4d2c57cbe5c1671b5?s=96&d=mm&r=g","url":"https:\/\/secure.gravatar.com\/avatar\/0c0baa3a335f0f41c172edd1ee6ccc8848818acaa876c7b4d2c57cbe5c1671b5?s=96&d=mm&r=g","contentUrl":"https:\/\/secure.gravatar.com\/avatar\/0c0baa3a335f0f41c172edd1ee6ccc8848818acaa876c7b4d2c57cbe5c1671b5?s=96&d=mm&r=g","caption":"Julia Silveira"},"url":"https:\/\/www.black-jaguar.org\/pt-br\/author\/julia-silveira\/"}]}},"_links":{"self":[{"href":"https:\/\/www.black-jaguar.org\/pt-br\/wp-json\/wp\/v2\/posts\/36567","targetHints":{"allow":["GET"]}}],"collection":[{"href":"https:\/\/www.black-jaguar.org\/pt-br\/wp-json\/wp\/v2\/posts"}],"about":[{"href":"https:\/\/www.black-jaguar.org\/pt-br\/wp-json\/wp\/v2\/types\/post"}],"author":[{"embeddable":true,"href":"https:\/\/www.black-jaguar.org\/pt-br\/wp-json\/wp\/v2\/users\/55"}],"replies":[{"embeddable":true,"href":"https:\/\/www.black-jaguar.org\/pt-br\/wp-json\/wp\/v2\/comments?post=36567"}],"version-history":[{"count":4,"href":"https:\/\/www.black-jaguar.org\/pt-br\/wp-json\/wp\/v2\/posts\/36567\/revisions"}],"predecessor-version":[{"id":36745,"href":"https:\/\/www.black-jaguar.org\/pt-br\/wp-json\/wp\/v2\/posts\/36567\/revisions\/36745"}],"wp:featuredmedia":[{"embeddable":true,"href":"https:\/\/www.black-jaguar.org\/pt-br\/wp-json\/wp\/v2\/media\/36741"}],"wp:attachment":[{"href":"https:\/\/www.black-jaguar.org\/pt-br\/wp-json\/wp\/v2\/media?parent=36567"}],"wp:term":[{"taxonomy":"category","embeddable":true,"href":"https:\/\/www.black-jaguar.org\/pt-br\/wp-json\/wp\/v2\/categories?post=36567"},{"taxonomy":"post_tag","embeddable":true,"href":"https:\/\/www.black-jaguar.org\/pt-br\/wp-json\/wp\/v2\/tags?post=36567"}],"curies":[{"name":"wp","href":"https:\/\/api.w.org\/{rel}","templated":true}]}}