{"id":35616,"date":"2023-04-25T17:00:39","date_gmt":"2023-04-25T15:00:39","guid":{"rendered":"https:\/\/www.black-jaguar.org\/?p=35616"},"modified":"2023-04-26T17:20:58","modified_gmt":"2023-04-26T15:20:58","slug":"bjf-restauracao-para","status":"publish","type":"post","link":"https:\/\/www.black-jaguar.org\/pt-br\/bjf-restauracao-para\/","title":{"rendered":"BJF participa do Plano de Recupera\u00e7\u00e3o de Vegeta\u00e7\u00e3o Nativa do Par\u00e1"},"content":{"rendered":"[vc_row type=&#8221;in_container&#8221; full_screen_row_position=&#8221;middle&#8221; column_margin=&#8221;default&#8221; column_direction=&#8221;default&#8221; column_direction_tablet=&#8221;default&#8221; column_direction_phone=&#8221;default&#8221; scene_position=&#8221;center&#8221; text_color=&#8221;dark&#8221; text_align=&#8221;left&#8221; row_border_radius=&#8221;none&#8221; row_border_radius_applies=&#8221;bg&#8221; overflow=&#8221;visible&#8221; overlay_strength=&#8221;0.3&#8243; gradient_direction=&#8221;left_to_right&#8221; shape_divider_position=&#8221;bottom&#8221; bg_image_animation=&#8221;none&#8221;][vc_column column_padding=&#8221;no-extra-padding&#8221; column_padding_tablet=&#8221;inherit&#8221; column_padding_phone=&#8221;inherit&#8221; column_padding_position=&#8221;all&#8221; column_element_direction_desktop=&#8221;default&#8221; column_element_spacing=&#8221;default&#8221; desktop_text_alignment=&#8221;default&#8221; tablet_text_alignment=&#8221;default&#8221; phone_text_alignment=&#8221;default&#8221; background_color_opacity=&#8221;1&#8243; background_hover_color_opacity=&#8221;1&#8243; column_backdrop_filter=&#8221;none&#8221; column_shadow=&#8221;none&#8221; column_border_radius=&#8221;none&#8221; column_link_target=&#8221;_self&#8221; column_position=&#8221;default&#8221; gradient_direction=&#8221;left_to_right&#8221; overlay_strength=&#8221;0.3&#8243; width=&#8221;1\/1&#8243; tablet_width_inherit=&#8221;default&#8221; animation_type=&#8221;default&#8221; bg_image_animation=&#8221;none&#8221; border_type=&#8221;simple&#8221; column_border_width=&#8221;none&#8221; column_border_style=&#8221;solid&#8221;][vc_column_text]A Black Jaguar Foundation foi convidada, atrav\u00e9s do Secret\u00e1rio Adjunto de Meio Ambiente e Sustentabilidade do Par\u00e1, Raul Prot\u00e1zio Rom\u00e3o, a compor o Grupo de Trabalho respons\u00e1vel pela constru\u00e7\u00e3o do Plano de Recupera\u00e7\u00e3o de Vegeta\u00e7\u00e3o Nativa do estado.<\/p>\n<p>O Plano, que faz parte do Plano Estadual Amaz\u00f4nia Agora (PEAA), ser\u00e1 elaborado de forma coletiva e ser\u00e1 entregue na Confer\u00eancia do Clima (COP 28) deste ano. O Grupo de Trabalho ser\u00e1 respons\u00e1vel por realizar reuni\u00f5es, identificar entraves e oportunidades, mapear a\u00e7\u00f5es de restaura\u00e7\u00e3o em curso no estado do Par\u00e1, promover oficinas para constru\u00e7\u00e3o do PRVN, entre outras atividades. Participam deste GT cerca de 50 institui\u00e7\u00f5es, entre \u00f3rg\u00e3o do governo, de pesquisa, ONGs, povos origin\u00e1rios, quilombolas, comunidades tradicionais, entre outros segmentos.[\/vc_column_text][divider line_type=&#8221;No Line&#8221;][vc_column_text]\n<h5 style=\"text-align: center;\"><strong> Meta do Plano de Recupera\u00e7\u00e3o de Vegeta\u00e7\u00e3o Nativa do Par\u00e1 <\/strong><\/h5>\n[\/vc_column_text][divider line_type=&#8221;No Line&#8221;][vc_column_text]Assim como o Corredor de Biodiversidade do Araguaia, a meta do Plano \u00e9 bastante ousada: restaurar 5.4 milh\u00f5es de hectares no estado do Par\u00e1 at\u00e9 2030, fortalecendo o objetivo da neutraliza\u00e7\u00e3o de emiss\u00f5es de Gases de Efeito Estufa (GEE), prevista no PEAA, at\u00e9 o ano de 2036.[\/vc_column_text][divider line_type=&#8221;No Line&#8221;][vc_column_text]\n<h5 style=\"text-align: center;\"><strong> Black Jaguar Foundation presente na Cerim\u00f4nia de Instaura\u00e7\u00e3o do GT <\/strong><\/h5>\n[\/vc_column_text][divider line_type=&#8221;No Line&#8221;][vc_column_text]Em 17 de mar\u00e7o, parte de nossa equipe de Articula\u00e7\u00e3o, liderada pela Coordenadora Marcelle Grumberg, viajou a Bel\u00e9m para representar a BJF na cerim\u00f4nia de instaura\u00e7\u00e3o do Grupo de Trabalho.<\/p>\n<p>Veja abaixo nossa equipe junto com o Secret\u00e1rio Adjunto de Meio Ambiente e Sustentabilidade do Par\u00e1, Raul Prot\u00e1zio Rom\u00e3o:[\/vc_column_text][divider line_type=&#8221;No Line&#8221;][vc_gallery type=&#8221;parallax_image_grid&#8221; images=&#8221;35629,35633&#8243;][divider line_type=&#8221;No Line&#8221;][vc_column_text]Estamos muito orgulhosos de fazer parte de um projeto constru\u00eddo a partir de debates entre diversas organiza\u00e7\u00f5es, a fim de articular, integrar e promover projetos que contribuam para a recupera\u00e7\u00e3o de nossos ecossistemas. E esperamos que os esfor\u00e7os de restaura\u00e7\u00e3o tragam benef\u00edcio ao meio ambiente e \u00e0 popula\u00e7\u00e3o local, por meio de novos postos de trabalho e renda![\/vc_column_text][divider line_type=&#8221;No Line&#8221;][\/vc_column][\/vc_row][vc_row type=&#8221;in_container&#8221; full_screen_row_position=&#8221;middle&#8221; column_margin=&#8221;default&#8221; column_direction=&#8221;default&#8221; column_direction_tablet=&#8221;default&#8221; column_direction_phone=&#8221;default&#8221; scene_position=&#8221;center&#8221; text_color=&#8221;dark&#8221; text_align=&#8221;left&#8221; row_border_radius=&#8221;none&#8221; row_border_radius_applies=&#8221;bg&#8221; overflow=&#8221;visible&#8221; overlay_strength=&#8221;0.3&#8243; gradient_direction=&#8221;left_to_right&#8221; shape_divider_position=&#8221;bottom&#8221; bg_image_animation=&#8221;none&#8221;][vc_column column_padding=&#8221;no-extra-padding&#8221; column_padding_tablet=&#8221;inherit&#8221; column_padding_phone=&#8221;inherit&#8221; column_padding_position=&#8221;all&#8221; column_element_direction_desktop=&#8221;default&#8221; column_element_spacing=&#8221;default&#8221; desktop_text_alignment=&#8221;default&#8221; tablet_text_alignment=&#8221;default&#8221; phone_text_alignment=&#8221;default&#8221; background_color_opacity=&#8221;1&#8243; background_hover_color_opacity=&#8221;1&#8243; column_backdrop_filter=&#8221;none&#8221; column_shadow=&#8221;none&#8221; column_border_radius=&#8221;none&#8221; column_link_target=&#8221;_self&#8221; column_position=&#8221;default&#8221; gradient_direction=&#8221;left_to_right&#8221; overlay_strength=&#8221;0.3&#8243; width=&#8221;1\/1&#8243; tablet_width_inherit=&#8221;default&#8221; animation_type=&#8221;default&#8221; bg_image_animation=&#8221;none&#8221; border_type=&#8221;simple&#8221; column_border_width=&#8221;none&#8221; column_border_style=&#8221;solid&#8221;]<div class=\"sharing-default-minimal\"><div class=\"nectar-social default\" data-position=\"left\" data-color-override=\"only_when_needed\"><div class=\"nectar-social-inner\"><a class='facebook-share nectar-sharing' href='#' title='Share this'>  <i class='fa fa-facebook'><\/i> <span class='social-text'>Share<\/span> <\/a><a class='twitter-share nectar-sharing' href='#' title='Share this'> <i class='fa icon-salient-x-twitter'><\/i> <span class='social-text'>Share<\/span> <\/a><a class='linkedin-share nectar-sharing' href='#' title='Share this'> <i class='fa fa-linkedin'><\/i> <span class='social-text'>Share<\/span> <\/a><\/div><\/div><\/div>[divider line_type=&#8221;No Line&#8221;][vc_column_text]\n<h5 style=\"text-align: center;\"><strong>Gostaria de fazer parte dessa hist\u00f3ria? Junte-se aos Primeiros 600 apoiadores do Corredor de Biodiversidade do Araguaia <a href=\"https:\/\/www.black-jaguar.org\/pt-br\/the-first600\/\" target=\"_blank\" rel=\"noopener\">AQUI<\/a>.<\/strong><\/h5>\n[\/vc_column_text][divider line_type=&#8221;No Line&#8221;][\/vc_column][\/vc_row][vc_row type=&#8221;in_container&#8221; full_screen_row_position=&#8221;middle&#8221; column_margin=&#8221;default&#8221; column_direction=&#8221;default&#8221; column_direction_tablet=&#8221;default&#8221; column_direction_phone=&#8221;default&#8221; scene_position=&#8221;center&#8221; text_color=&#8221;dark&#8221; text_align=&#8221;left&#8221; row_border_radius=&#8221;none&#8221; row_border_radius_applies=&#8221;bg&#8221; overflow=&#8221;visible&#8221; overlay_strength=&#8221;0.3&#8243; gradient_direction=&#8221;left_to_right&#8221; shape_divider_position=&#8221;bottom&#8221; bg_image_animation=&#8221;none&#8221;][vc_column column_padding=&#8221;no-extra-padding&#8221; column_padding_tablet=&#8221;inherit&#8221; column_padding_phone=&#8221;inherit&#8221; column_padding_position=&#8221;all&#8221; column_element_direction_desktop=&#8221;default&#8221; column_element_spacing=&#8221;default&#8221; desktop_text_alignment=&#8221;default&#8221; tablet_text_alignment=&#8221;default&#8221; phone_text_alignment=&#8221;default&#8221; background_color_opacity=&#8221;1&#8243; background_hover_color_opacity=&#8221;1&#8243; column_backdrop_filter=&#8221;none&#8221; column_shadow=&#8221;none&#8221; column_border_radius=&#8221;none&#8221; column_link_target=&#8221;_self&#8221; column_position=&#8221;default&#8221; gradient_direction=&#8221;left_to_right&#8221; overlay_strength=&#8221;0.3&#8243; width=&#8221;1\/1&#8243; tablet_width_inherit=&#8221;default&#8221; animation_type=&#8221;default&#8221; bg_image_animation=&#8221;none&#8221; border_type=&#8221;simple&#8221; column_border_width=&#8221;none&#8221; column_border_style=&#8221;solid&#8221;][\/vc_column][\/vc_row][vc_row type=&#8221;in_container&#8221; full_screen_row_position=&#8221;middle&#8221; column_margin=&#8221;default&#8221; column_direction=&#8221;default&#8221; column_direction_tablet=&#8221;default&#8221; column_direction_phone=&#8221;default&#8221; scene_position=&#8221;center&#8221; text_color=&#8221;dark&#8221; text_align=&#8221;left&#8221; row_border_radius=&#8221;none&#8221; row_border_radius_applies=&#8221;bg&#8221; overflow=&#8221;visible&#8221; overlay_strength=&#8221;0.3&#8243; gradient_direction=&#8221;left_to_right&#8221; shape_divider_position=&#8221;bottom&#8221; bg_image_animation=&#8221;none&#8221;][vc_column column_padding=&#8221;no-extra-padding&#8221; column_padding_tablet=&#8221;inherit&#8221; column_padding_phone=&#8221;inherit&#8221; column_padding_position=&#8221;all&#8221; column_element_direction_desktop=&#8221;default&#8221; column_element_spacing=&#8221;default&#8221; desktop_text_alignment=&#8221;default&#8221; tablet_text_alignment=&#8221;default&#8221; phone_text_alignment=&#8221;default&#8221; background_color_opacity=&#8221;1&#8243; background_hover_color_opacity=&#8221;1&#8243; column_backdrop_filter=&#8221;none&#8221; column_shadow=&#8221;none&#8221; column_border_radius=&#8221;none&#8221; column_link_target=&#8221;_self&#8221; column_position=&#8221;default&#8221; gradient_direction=&#8221;left_to_right&#8221; overlay_strength=&#8221;0.3&#8243; width=&#8221;1\/1&#8243; tablet_width_inherit=&#8221;default&#8221; animation_type=&#8221;default&#8221; bg_image_animation=&#8221;none&#8221; border_type=&#8221;simple&#8221; column_border_width=&#8221;none&#8221; column_border_style=&#8221;solid&#8221;][\/vc_column][\/vc_row][vc_row type=&#8221;in_container&#8221; full_screen_row_position=&#8221;middle&#8221; column_margin=&#8221;default&#8221; column_direction=&#8221;default&#8221; column_direction_tablet=&#8221;default&#8221; column_direction_phone=&#8221;default&#8221; scene_position=&#8221;center&#8221; text_color=&#8221;dark&#8221; text_align=&#8221;left&#8221; row_border_radius=&#8221;none&#8221; row_border_radius_applies=&#8221;bg&#8221; overflow=&#8221;visible&#8221; overlay_strength=&#8221;0.3&#8243; gradient_direction=&#8221;left_to_right&#8221; shape_divider_position=&#8221;bottom&#8221; bg_image_animation=&#8221;none&#8221;][vc_column column_padding=&#8221;no-extra-padding&#8221; column_padding_tablet=&#8221;inherit&#8221; column_padding_phone=&#8221;inherit&#8221; column_padding_position=&#8221;all&#8221; column_element_direction_desktop=&#8221;default&#8221; column_element_spacing=&#8221;default&#8221; desktop_text_alignment=&#8221;default&#8221; tablet_text_alignment=&#8221;default&#8221; phone_text_alignment=&#8221;default&#8221; background_color_opacity=&#8221;1&#8243; background_hover_color_opacity=&#8221;1&#8243; column_backdrop_filter=&#8221;none&#8221; column_shadow=&#8221;none&#8221; column_border_radius=&#8221;none&#8221; column_link_target=&#8221;_self&#8221; column_position=&#8221;default&#8221; gradient_direction=&#8221;left_to_right&#8221; overlay_strength=&#8221;0.3&#8243; width=&#8221;1\/1&#8243; tablet_width_inherit=&#8221;default&#8221; animation_type=&#8221;default&#8221; bg_image_animation=&#8221;none&#8221; border_type=&#8221;simple&#8221; column_border_width=&#8221;none&#8221; column_border_style=&#8221;solid&#8221;][\/vc_column][\/vc_row]\n","protected":false},"excerpt":{"rendered":"<p>[vc_row type=&#8221;in_container&#8221; full_screen_row_position=&#8221;middle&#8221; column_margin=&#8221;default&#8221; column_direction=&#8221;default&#8221; column_direction_tablet=&#8221;default&#8221; column_direction_phone=&#8221;default&#8221; scene_position=&#8221;center&#8221; text_color=&#8221;dark&#8221; text_align=&#8221;left&#8221; row_border_radius=&#8221;none&#8221; row_border_radius_applies=&#8221;bg&#8221; overflow=&#8221;visible&#8221; overlay_strength=&#8221;0.3&#8243; gradient_direction=&#8221;left_to_right&#8221; shape_divider_position=&#8221;bottom&#8221; bg_image_animation=&#8221;none&#8221;][vc_column column_padding=&#8221;no-extra-padding&#8221; column_padding_tablet=&#8221;inherit&#8221; column_padding_phone=&#8221;inherit&#8221; column_padding_position=&#8221;all&#8221; column_element_direction_desktop=&#8221;default&#8221; column_element_spacing=&#8221;default&#8221; desktop_text_alignment=&#8221;default&#8221; tablet_text_alignment=&#8221;default&#8221; phone_text_alignment=&#8221;default&#8221; background_color_opacity=&#8221;1&#8243; background_hover_color_opacity=&#8221;1&#8243; column_backdrop_filter=&#8221;none&#8221; column_shadow=&#8221;none&#8221;&#8230;<\/p>\n","protected":false},"author":55,"featured_media":35840,"comment_status":"closed","ping_status":"closed","sticky":false,"template":"","format":"standard","meta":{"footnotes":""},"categories":[82],"tags":[],"class_list":{"0":"post-35616","1":"post","2":"type-post","3":"status-publish","4":"format-standard","5":"has-post-thumbnail","7":"category-news-home-pt-br"},"yoast_head":"<!-- This site is optimized with the Yoast SEO plugin v27.4 - https:\/\/yoast.com\/product\/yoast-seo-wordpress\/ -->\n<title>BJF participa do Plano de Recupera\u00e7\u00e3o de Vegeta\u00e7\u00e3o Nativa do Par\u00e1 - Black Jaguar Foundation<\/title>\n<meta name=\"description\" content=\"With 2023 now fully in motion, we would like to share with you the some of the planting action that is happening on the ground.Watch the video below to meet our field team and have a brief overview of the Black Jaguar Foundation\u2019s planting season!\" \/>\n<meta name=\"robots\" content=\"index, follow, max-snippet:-1, max-image-preview:large, max-video-preview:-1\" \/>\n<link rel=\"canonical\" href=\"https:\/\/www.black-jaguar.org\/pt-br\/bjf-restauracao-para\/\" \/>\n<meta property=\"og:locale\" content=\"pt_BR\" \/>\n<meta property=\"og:type\" content=\"article\" \/>\n<meta property=\"og:title\" content=\"BJF participa do Plano de Recupera\u00e7\u00e3o de Vegeta\u00e7\u00e3o Nativa do Par\u00e1 - Black Jaguar Foundation\" \/>\n<meta property=\"og:description\" content=\"With 2023 now fully in motion, we would like to share with you the some of the planting action that is happening on the ground.Watch the video below to meet our field team and have a brief overview of the Black Jaguar Foundation\u2019s planting season!\" \/>\n<meta property=\"og:url\" content=\"https:\/\/www.black-jaguar.org\/pt-br\/bjf-restauracao-para\/\" \/>\n<meta property=\"og:site_name\" content=\"Black Jaguar Foundation\" \/>\n<meta property=\"article:published_time\" content=\"2023-04-25T15:00:39+00:00\" \/>\n<meta property=\"article:modified_time\" content=\"2023-04-26T15:20:58+00:00\" \/>\n<meta property=\"og:image\" content=\"https:\/\/www.black-jaguar.org\/wp-content\/uploads\/2023\/04\/Item_3_Para_native_recovery_featured.png\" \/>\n\t<meta property=\"og:image:width\" content=\"560\" \/>\n\t<meta property=\"og:image:height\" content=\"450\" \/>\n\t<meta property=\"og:image:type\" content=\"image\/png\" \/>\n<meta name=\"author\" content=\"Julia Silveira\" \/>\n<meta name=\"twitter:card\" content=\"summary_large_image\" \/>\n<meta name=\"twitter:label1\" content=\"Escrito por\" \/>\n\t<meta name=\"twitter:data1\" content=\"Julia Silveira\" \/>\n\t<meta name=\"twitter:label2\" content=\"Est. tempo de leitura\" \/>\n\t<meta name=\"twitter:data2\" content=\"3 minutos\" \/>\n<script type=\"application\/ld+json\" class=\"yoast-schema-graph\">{\"@context\":\"https:\\\/\\\/schema.org\",\"@graph\":[{\"@type\":\"Article\",\"@id\":\"https:\\\/\\\/www.black-jaguar.org\\\/pt-br\\\/bjf-restauracao-para\\\/#article\",\"isPartOf\":{\"@id\":\"https:\\\/\\\/www.black-jaguar.org\\\/pt-br\\\/bjf-restauracao-para\\\/\"},\"author\":{\"name\":\"Julia Silveira\",\"@id\":\"https:\\\/\\\/www.black-jaguar.org\\\/pt-br\\\/#\\\/schema\\\/person\\\/43acb7d2518ac24737cf8f27d3f3278a\"},\"headline\":\"BJF participa do Plano de Recupera\u00e7\u00e3o de Vegeta\u00e7\u00e3o Nativa do Par\u00e1\",\"datePublished\":\"2023-04-25T15:00:39+00:00\",\"dateModified\":\"2023-04-26T15:20:58+00:00\",\"mainEntityOfPage\":{\"@id\":\"https:\\\/\\\/www.black-jaguar.org\\\/pt-br\\\/bjf-restauracao-para\\\/\"},\"wordCount\":1238,\"publisher\":{\"@id\":\"https:\\\/\\\/www.black-jaguar.org\\\/pt-br\\\/#organization\"},\"image\":{\"@id\":\"https:\\\/\\\/www.black-jaguar.org\\\/pt-br\\\/bjf-restauracao-para\\\/#primaryimage\"},\"thumbnailUrl\":\"https:\\\/\\\/www.black-jaguar.org\\\/wp-content\\\/uploads\\\/2023\\\/04\\\/Item_3_Para_native_recovery_featured.png\",\"articleSection\":[\"News Home\"],\"inLanguage\":\"pt-BR\"},{\"@type\":\"WebPage\",\"@id\":\"https:\\\/\\\/www.black-jaguar.org\\\/pt-br\\\/bjf-restauracao-para\\\/\",\"url\":\"https:\\\/\\\/www.black-jaguar.org\\\/pt-br\\\/bjf-restauracao-para\\\/\",\"name\":\"BJF participa do Plano de Recupera\u00e7\u00e3o de Vegeta\u00e7\u00e3o Nativa do Par\u00e1 - Black Jaguar Foundation\",\"isPartOf\":{\"@id\":\"https:\\\/\\\/www.black-jaguar.org\\\/pt-br\\\/#website\"},\"primaryImageOfPage\":{\"@id\":\"https:\\\/\\\/www.black-jaguar.org\\\/pt-br\\\/bjf-restauracao-para\\\/#primaryimage\"},\"image\":{\"@id\":\"https:\\\/\\\/www.black-jaguar.org\\\/pt-br\\\/bjf-restauracao-para\\\/#primaryimage\"},\"thumbnailUrl\":\"https:\\\/\\\/www.black-jaguar.org\\\/wp-content\\\/uploads\\\/2023\\\/04\\\/Item_3_Para_native_recovery_featured.png\",\"datePublished\":\"2023-04-25T15:00:39+00:00\",\"dateModified\":\"2023-04-26T15:20:58+00:00\",\"description\":\"With 2023 now fully in motion, we would like to share with you the some of the planting action that is happening on the ground.Watch the video below to meet our field team and have a brief overview of the Black Jaguar Foundation\u2019s planting season!\",\"breadcrumb\":{\"@id\":\"https:\\\/\\\/www.black-jaguar.org\\\/pt-br\\\/bjf-restauracao-para\\\/#breadcrumb\"},\"inLanguage\":\"pt-BR\",\"potentialAction\":[{\"@type\":\"ReadAction\",\"target\":[\"https:\\\/\\\/www.black-jaguar.org\\\/pt-br\\\/bjf-restauracao-para\\\/\"]}]},{\"@type\":\"ImageObject\",\"inLanguage\":\"pt-BR\",\"@id\":\"https:\\\/\\\/www.black-jaguar.org\\\/pt-br\\\/bjf-restauracao-para\\\/#primaryimage\",\"url\":\"https:\\\/\\\/www.black-jaguar.org\\\/wp-content\\\/uploads\\\/2023\\\/04\\\/Item_3_Para_native_recovery_featured.png\",\"contentUrl\":\"https:\\\/\\\/www.black-jaguar.org\\\/wp-content\\\/uploads\\\/2023\\\/04\\\/Item_3_Para_native_recovery_featured.png\",\"width\":560,\"height\":450},{\"@type\":\"BreadcrumbList\",\"@id\":\"https:\\\/\\\/www.black-jaguar.org\\\/pt-br\\\/bjf-restauracao-para\\\/#breadcrumb\",\"itemListElement\":[{\"@type\":\"ListItem\",\"position\":1,\"name\":\"Home\",\"item\":\"https:\\\/\\\/www.black-jaguar.org\\\/pt-br\\\/\"},{\"@type\":\"ListItem\",\"position\":2,\"name\":\"BJF participa do Plano de Recupera\u00e7\u00e3o de Vegeta\u00e7\u00e3o Nativa do Par\u00e1\"}]},{\"@type\":\"WebSite\",\"@id\":\"https:\\\/\\\/www.black-jaguar.org\\\/pt-br\\\/#website\",\"url\":\"https:\\\/\\\/www.black-jaguar.org\\\/pt-br\\\/\",\"name\":\"Black Jaguar Foundation\",\"description\":\"realising the largest biodiversity corridor on earth\",\"publisher\":{\"@id\":\"https:\\\/\\\/www.black-jaguar.org\\\/pt-br\\\/#organization\"},\"potentialAction\":[{\"@type\":\"SearchAction\",\"target\":{\"@type\":\"EntryPoint\",\"urlTemplate\":\"https:\\\/\\\/www.black-jaguar.org\\\/pt-br\\\/?s={search_term_string}\"},\"query-input\":{\"@type\":\"PropertyValueSpecification\",\"valueRequired\":true,\"valueName\":\"search_term_string\"}}],\"inLanguage\":\"pt-BR\"},{\"@type\":\"Organization\",\"@id\":\"https:\\\/\\\/www.black-jaguar.org\\\/pt-br\\\/#organization\",\"name\":\"Black Jaguar Foundation\",\"url\":\"https:\\\/\\\/www.black-jaguar.org\\\/pt-br\\\/\",\"logo\":{\"@type\":\"ImageObject\",\"inLanguage\":\"pt-BR\",\"@id\":\"https:\\\/\\\/www.black-jaguar.org\\\/pt-br\\\/#\\\/schema\\\/logo\\\/image\\\/\",\"url\":\"https:\\\/\\\/www.black-jaguar.org\\\/wp-content\\\/uploads\\\/2021\\\/07\\\/2.-PNG_BJF_LOGO_21_April_2020-1.png\",\"contentUrl\":\"https:\\\/\\\/www.black-jaguar.org\\\/wp-content\\\/uploads\\\/2021\\\/07\\\/2.-PNG_BJF_LOGO_21_April_2020-1.png\",\"width\":519,\"height\":537,\"caption\":\"Black Jaguar Foundation\"},\"image\":{\"@id\":\"https:\\\/\\\/www.black-jaguar.org\\\/pt-br\\\/#\\\/schema\\\/logo\\\/image\\\/\"}},{\"@type\":\"Person\",\"@id\":\"https:\\\/\\\/www.black-jaguar.org\\\/pt-br\\\/#\\\/schema\\\/person\\\/43acb7d2518ac24737cf8f27d3f3278a\",\"name\":\"Julia Silveira\",\"image\":{\"@type\":\"ImageObject\",\"inLanguage\":\"pt-BR\",\"@id\":\"https:\\\/\\\/secure.gravatar.com\\\/avatar\\\/0c0baa3a335f0f41c172edd1ee6ccc8848818acaa876c7b4d2c57cbe5c1671b5?s=96&d=mm&r=g\",\"url\":\"https:\\\/\\\/secure.gravatar.com\\\/avatar\\\/0c0baa3a335f0f41c172edd1ee6ccc8848818acaa876c7b4d2c57cbe5c1671b5?s=96&d=mm&r=g\",\"contentUrl\":\"https:\\\/\\\/secure.gravatar.com\\\/avatar\\\/0c0baa3a335f0f41c172edd1ee6ccc8848818acaa876c7b4d2c57cbe5c1671b5?s=96&d=mm&r=g\",\"caption\":\"Julia Silveira\"},\"url\":\"https:\\\/\\\/www.black-jaguar.org\\\/pt-br\\\/author\\\/julia-silveira\\\/\"}]}<\/script>\n<!-- \/ Yoast SEO plugin. -->","yoast_head_json":{"title":"BJF participa do Plano de Recupera\u00e7\u00e3o de Vegeta\u00e7\u00e3o Nativa do Par\u00e1 - Black Jaguar Foundation","description":"With 2023 now fully in motion, we would like to share with you the some of the planting action that is happening on the ground.Watch the video below to meet our field team and have a brief overview of the Black Jaguar Foundation\u2019s planting season!","robots":{"index":"index","follow":"follow","max-snippet":"max-snippet:-1","max-image-preview":"max-image-preview:large","max-video-preview":"max-video-preview:-1"},"canonical":"https:\/\/www.black-jaguar.org\/pt-br\/bjf-restauracao-para\/","og_locale":"pt_BR","og_type":"article","og_title":"BJF participa do Plano de Recupera\u00e7\u00e3o de Vegeta\u00e7\u00e3o Nativa do Par\u00e1 - Black Jaguar Foundation","og_description":"With 2023 now fully in motion, we would like to share with you the some of the planting action that is happening on the ground.Watch the video below to meet our field team and have a brief overview of the Black Jaguar Foundation\u2019s planting season!","og_url":"https:\/\/www.black-jaguar.org\/pt-br\/bjf-restauracao-para\/","og_site_name":"Black Jaguar Foundation","article_published_time":"2023-04-25T15:00:39+00:00","article_modified_time":"2023-04-26T15:20:58+00:00","og_image":[{"width":560,"height":450,"url":"https:\/\/www.black-jaguar.org\/wp-content\/uploads\/2023\/04\/Item_3_Para_native_recovery_featured.png","type":"image\/png"}],"author":"Julia Silveira","twitter_card":"summary_large_image","twitter_misc":{"Escrito por":"Julia Silveira","Est. tempo de leitura":"3 minutos"},"schema":{"@context":"https:\/\/schema.org","@graph":[{"@type":"Article","@id":"https:\/\/www.black-jaguar.org\/pt-br\/bjf-restauracao-para\/#article","isPartOf":{"@id":"https:\/\/www.black-jaguar.org\/pt-br\/bjf-restauracao-para\/"},"author":{"name":"Julia Silveira","@id":"https:\/\/www.black-jaguar.org\/pt-br\/#\/schema\/person\/43acb7d2518ac24737cf8f27d3f3278a"},"headline":"BJF participa do Plano de Recupera\u00e7\u00e3o de Vegeta\u00e7\u00e3o Nativa do Par\u00e1","datePublished":"2023-04-25T15:00:39+00:00","dateModified":"2023-04-26T15:20:58+00:00","mainEntityOfPage":{"@id":"https:\/\/www.black-jaguar.org\/pt-br\/bjf-restauracao-para\/"},"wordCount":1238,"publisher":{"@id":"https:\/\/www.black-jaguar.org\/pt-br\/#organization"},"image":{"@id":"https:\/\/www.black-jaguar.org\/pt-br\/bjf-restauracao-para\/#primaryimage"},"thumbnailUrl":"https:\/\/www.black-jaguar.org\/wp-content\/uploads\/2023\/04\/Item_3_Para_native_recovery_featured.png","articleSection":["News Home"],"inLanguage":"pt-BR"},{"@type":"WebPage","@id":"https:\/\/www.black-jaguar.org\/pt-br\/bjf-restauracao-para\/","url":"https:\/\/www.black-jaguar.org\/pt-br\/bjf-restauracao-para\/","name":"BJF participa do Plano de Recupera\u00e7\u00e3o de Vegeta\u00e7\u00e3o Nativa do Par\u00e1 - Black Jaguar Foundation","isPartOf":{"@id":"https:\/\/www.black-jaguar.org\/pt-br\/#website"},"primaryImageOfPage":{"@id":"https:\/\/www.black-jaguar.org\/pt-br\/bjf-restauracao-para\/#primaryimage"},"image":{"@id":"https:\/\/www.black-jaguar.org\/pt-br\/bjf-restauracao-para\/#primaryimage"},"thumbnailUrl":"https:\/\/www.black-jaguar.org\/wp-content\/uploads\/2023\/04\/Item_3_Para_native_recovery_featured.png","datePublished":"2023-04-25T15:00:39+00:00","dateModified":"2023-04-26T15:20:58+00:00","description":"With 2023 now fully in motion, we would like to share with you the some of the planting action that is happening on the ground.Watch the video below to meet our field team and have a brief overview of the Black Jaguar Foundation\u2019s planting season!","breadcrumb":{"@id":"https:\/\/www.black-jaguar.org\/pt-br\/bjf-restauracao-para\/#breadcrumb"},"inLanguage":"pt-BR","potentialAction":[{"@type":"ReadAction","target":["https:\/\/www.black-jaguar.org\/pt-br\/bjf-restauracao-para\/"]}]},{"@type":"ImageObject","inLanguage":"pt-BR","@id":"https:\/\/www.black-jaguar.org\/pt-br\/bjf-restauracao-para\/#primaryimage","url":"https:\/\/www.black-jaguar.org\/wp-content\/uploads\/2023\/04\/Item_3_Para_native_recovery_featured.png","contentUrl":"https:\/\/www.black-jaguar.org\/wp-content\/uploads\/2023\/04\/Item_3_Para_native_recovery_featured.png","width":560,"height":450},{"@type":"BreadcrumbList","@id":"https:\/\/www.black-jaguar.org\/pt-br\/bjf-restauracao-para\/#breadcrumb","itemListElement":[{"@type":"ListItem","position":1,"name":"Home","item":"https:\/\/www.black-jaguar.org\/pt-br\/"},{"@type":"ListItem","position":2,"name":"BJF participa do Plano de Recupera\u00e7\u00e3o de Vegeta\u00e7\u00e3o Nativa do Par\u00e1"}]},{"@type":"WebSite","@id":"https:\/\/www.black-jaguar.org\/pt-br\/#website","url":"https:\/\/www.black-jaguar.org\/pt-br\/","name":"Black Jaguar Foundation","description":"realising the largest biodiversity corridor on earth","publisher":{"@id":"https:\/\/www.black-jaguar.org\/pt-br\/#organization"},"potentialAction":[{"@type":"SearchAction","target":{"@type":"EntryPoint","urlTemplate":"https:\/\/www.black-jaguar.org\/pt-br\/?s={search_term_string}"},"query-input":{"@type":"PropertyValueSpecification","valueRequired":true,"valueName":"search_term_string"}}],"inLanguage":"pt-BR"},{"@type":"Organization","@id":"https:\/\/www.black-jaguar.org\/pt-br\/#organization","name":"Black Jaguar Foundation","url":"https:\/\/www.black-jaguar.org\/pt-br\/","logo":{"@type":"ImageObject","inLanguage":"pt-BR","@id":"https:\/\/www.black-jaguar.org\/pt-br\/#\/schema\/logo\/image\/","url":"https:\/\/www.black-jaguar.org\/wp-content\/uploads\/2021\/07\/2.-PNG_BJF_LOGO_21_April_2020-1.png","contentUrl":"https:\/\/www.black-jaguar.org\/wp-content\/uploads\/2021\/07\/2.-PNG_BJF_LOGO_21_April_2020-1.png","width":519,"height":537,"caption":"Black Jaguar Foundation"},"image":{"@id":"https:\/\/www.black-jaguar.org\/pt-br\/#\/schema\/logo\/image\/"}},{"@type":"Person","@id":"https:\/\/www.black-jaguar.org\/pt-br\/#\/schema\/person\/43acb7d2518ac24737cf8f27d3f3278a","name":"Julia Silveira","image":{"@type":"ImageObject","inLanguage":"pt-BR","@id":"https:\/\/secure.gravatar.com\/avatar\/0c0baa3a335f0f41c172edd1ee6ccc8848818acaa876c7b4d2c57cbe5c1671b5?s=96&d=mm&r=g","url":"https:\/\/secure.gravatar.com\/avatar\/0c0baa3a335f0f41c172edd1ee6ccc8848818acaa876c7b4d2c57cbe5c1671b5?s=96&d=mm&r=g","contentUrl":"https:\/\/secure.gravatar.com\/avatar\/0c0baa3a335f0f41c172edd1ee6ccc8848818acaa876c7b4d2c57cbe5c1671b5?s=96&d=mm&r=g","caption":"Julia Silveira"},"url":"https:\/\/www.black-jaguar.org\/pt-br\/author\/julia-silveira\/"}]}},"_links":{"self":[{"href":"https:\/\/www.black-jaguar.org\/pt-br\/wp-json\/wp\/v2\/posts\/35616","targetHints":{"allow":["GET"]}}],"collection":[{"href":"https:\/\/www.black-jaguar.org\/pt-br\/wp-json\/wp\/v2\/posts"}],"about":[{"href":"https:\/\/www.black-jaguar.org\/pt-br\/wp-json\/wp\/v2\/types\/post"}],"author":[{"embeddable":true,"href":"https:\/\/www.black-jaguar.org\/pt-br\/wp-json\/wp\/v2\/users\/55"}],"replies":[{"embeddable":true,"href":"https:\/\/www.black-jaguar.org\/pt-br\/wp-json\/wp\/v2\/comments?post=35616"}],"version-history":[{"count":3,"href":"https:\/\/www.black-jaguar.org\/pt-br\/wp-json\/wp\/v2\/posts\/35616\/revisions"}],"predecessor-version":[{"id":35849,"href":"https:\/\/www.black-jaguar.org\/pt-br\/wp-json\/wp\/v2\/posts\/35616\/revisions\/35849"}],"wp:featuredmedia":[{"embeddable":true,"href":"https:\/\/www.black-jaguar.org\/pt-br\/wp-json\/wp\/v2\/media\/35840"}],"wp:attachment":[{"href":"https:\/\/www.black-jaguar.org\/pt-br\/wp-json\/wp\/v2\/media?parent=35616"}],"wp:term":[{"taxonomy":"category","embeddable":true,"href":"https:\/\/www.black-jaguar.org\/pt-br\/wp-json\/wp\/v2\/categories?post=35616"},{"taxonomy":"post_tag","embeddable":true,"href":"https:\/\/www.black-jaguar.org\/pt-br\/wp-json\/wp\/v2\/tags?post=35616"}],"curies":[{"name":"wp","href":"https:\/\/api.w.org\/{rel}","templated":true}]}}