{"id":33419,"date":"2022-11-30T21:16:30","date_gmt":"2022-11-30T19:16:30","guid":{"rendered":"https:\/\/www.black-jaguar.org\/?p=33419"},"modified":"2022-11-30T21:25:00","modified_gmt":"2022-11-30T19:25:00","slug":"viveirobjf-out-22","status":"publish","type":"post","link":"https:\/\/www.black-jaguar.org\/pt-br\/viveirobjf-out-22\/","title":{"rendered":"Viveiro Black Jaguar \u2013 prepara\u00e7\u00e3o das mudas \u00e0s v\u00e9speras do in\u00edcio do plantio"},"content":{"rendered":"[vc_row type=&#8221;in_container&#8221; full_screen_row_position=&#8221;middle&#8221; column_margin=&#8221;default&#8221; column_direction=&#8221;default&#8221; column_direction_tablet=&#8221;default&#8221; column_direction_phone=&#8221;default&#8221; scene_position=&#8221;center&#8221; text_color=&#8221;dark&#8221; text_align=&#8221;left&#8221; row_border_radius=&#8221;none&#8221; row_border_radius_applies=&#8221;bg&#8221; overflow=&#8221;visible&#8221; overlay_strength=&#8221;0.3&#8243; gradient_direction=&#8221;left_to_right&#8221; shape_divider_position=&#8221;bottom&#8221; bg_image_animation=&#8221;none&#8221;][vc_column column_padding=&#8221;no-extra-padding&#8221; column_padding_tablet=&#8221;inherit&#8221; column_padding_phone=&#8221;inherit&#8221; column_padding_position=&#8221;all&#8221; column_element_spacing=&#8221;default&#8221; background_color_opacity=&#8221;1&#8243; background_hover_color_opacity=&#8221;1&#8243; column_shadow=&#8221;none&#8221; column_border_radius=&#8221;none&#8221; column_link_target=&#8221;_self&#8221; column_position=&#8221;default&#8221; gradient_direction=&#8221;left_to_right&#8221; overlay_strength=&#8221;0.3&#8243; width=&#8221;1\/1&#8243; tablet_width_inherit=&#8221;default&#8221; tablet_text_alignment=&#8221;default&#8221; phone_text_alignment=&#8221;default&#8221; animation_type=&#8221;default&#8221; bg_image_animation=&#8221;none&#8221; border_type=&#8221;simple&#8221; column_border_width=&#8221;none&#8221; column_border_style=&#8221;solid&#8221;][divider line_type=&#8221;No Line&#8221;][vc_column_text]No m\u00eas de outubro, a equipe de viveiristas da BJF, com a gest\u00e3o da coordenadora de produ\u00e7\u00e3o de mudas, realizou importantes atividades como:<\/p>\n<ul>\n<li>\u00a0Abertura de bandejas das esp\u00e9cies paric\u00e1, caj\u00e1, ing\u00e1s, sombreiro, urucum do brejo e Jequitib\u00e1, para posteriormente serem levadas a \u00e1rea de pleno sol;<\/li>\n<li>Repicagem (transfer\u00eancia do calhet\u00e3o para o tubete pequeno) das esp\u00e9cies urucum do brejo, ing\u00e1 banana, mogno;<\/li>\n<li>Movimenta\u00e7\u00e3o das mudas da casa de sombra para a \u00e1rea de pleno sol das esp\u00e9cies: novateiro, suma\u00fama, paric\u00e1, jequitib\u00e1, caj\u00e1, ing\u00e1 banana, ing\u00e1 de metro, para rustifica\u00e7\u00e3o;<\/li>\n<li>Assepsia, beneficiamento e semeadura das esp\u00e9cies ing\u00e1 feij\u00e3o, ing\u00e1 de metro, jenipapo, carvoeiro do brejo, cacau\u00ed, realizados em lote adquirido junto ao coletivo de sementes;<\/li>\n<li>Quebra de dorm\u00eancia da esp\u00e9cie guanandi, pisando sobre a semente para ocasionar uma ruptura na casca, seguido de imers\u00e3o em \u00e1gua por 12 horas para acelerar o processo de germina\u00e7\u00e3o;<\/li>\n<li>Semeadura da esp\u00e9cie guanandi no calhet\u00e3o, ap\u00f3s o processo de quebra de dorm\u00eancia;<\/li>\n<li>Poda de mudas, retirando folhas velhas, furadas e secas (esp\u00e9cies: mutamba, ing\u00e1, abric\u00f3 de macaco)<\/li>\n<li>Campina de planta daninha, processo de limpeza da \u00e1rea de pleno sol;<\/li>\n<li>Movimenta\u00e7\u00e3o das mudas da \u00e1rea B de pleno sol para \u00e1rea C de pleno sol, para ampliar a \u00e1rea de rustifica\u00e7\u00e3o;<\/li>\n<li>Fertirriga\u00e7\u00e3o para as mudas da \u00e1rea de pleno sol, duas vezes na semana a fim de garantir mudas sadias e resistentes a pragas e doen\u00e7as;<\/li>\n<li>Organiza\u00e7\u00e3o dos canteiros de mudas na casa de sombra, ap\u00f3s a atividade de retirada das mudas para \u00e1rea de pleno sol;<\/li>\n<li>Com o apoio do engenheiro de seguran\u00e7a do trabalho, foi disponibilizado um novo espa\u00e7o para refei\u00e7\u00f5es de caf\u00e9 da manh\u00e3 e almo\u00e7o para os viveiristas;<\/li>\n<li>Treinamento interno de refor\u00e7o para a equipe de viveiristas, ministrado pela analista de produ\u00e7\u00e3o de mudas, com o objetivo de entenderem melhor o porqu\u00ea das atividades, bem como elas devem ser realizadas corretamente e sanar d\u00favidas;<\/li>\n<li>Treinamento sobre aplica\u00e7\u00e3o de inseticida, ministrado pelo engenheiro de seguran\u00e7a do trabalho, bem como utiliza\u00e7\u00e3o de EPIs (equipamentos de prote\u00e7\u00e3o individual) \u2013 como vestir a roupa de prote\u00e7\u00e3o, se higienizar e retirar a roupa;<\/li>\n<li>Aplica\u00e7\u00e3o de herbicida para combate a plantas daninhas (com a equipe de campo);<\/li>\n<li>Poda das ra\u00edzes de todas as mudas da \u00e1rea de pleno sol, evitando que as mudas mamem e cres\u00e7am al\u00e9m do esperado e consequentemente na expedi\u00e7\u00e3o de plantio elas n\u00e3o sintam tanto a retirada;<\/li>\n<li>Limpeza dos aspersores, tanto da casa de sombra, tanto da \u00e1rea de pleno sol, com o intuito de retirar algum fragmento de sujeira da \u00e1gua que impossibilita o funcionamento adequado da irriga\u00e7\u00e3o;<\/li>\n<li>Organiza\u00e7\u00e3o e invent\u00e1rio do galp\u00e3o;<\/li>\n<li>Limpeza das caixas d\u2019\u00e1gua;<\/li>\n<li>Limpeza dos filtros das motobombas;<\/li>\n<li>Reparo de canos.<\/li>\n<\/ul>\n[\/vc_column_text][divider line_type=&#8221;No Line&#8221;][vc_gallery type=&#8221;flexslider_style&#8221; images=&#8221;33445,33449,33453,33457,33461,33465&#8243; onclick=&#8221;link_no&#8221; img_size=&#8221;350&#215;600&#8243;][divider line_type=&#8221;No Line&#8221;][vc_column_text]<strong>Visitas:<\/strong><\/p>\n<ul>\n<li>Visita da equipe do Naturatins (Funda\u00e7\u00e3o Natureza do Tocantins). Criada pelo governo do Tocantins com o objetivo de promover o estudo a pesquisa e a experimenta\u00e7\u00e3o no campo da prote\u00e7\u00e3o e controle ambiental e da utiliza\u00e7\u00e3o racional dos recursos ambientais, a Naturatins \u00e9 uma parte interessada relevantes para as atividades da BJF na cidade de Caseara;<\/li>\n<li>Visita da equipe do Minist\u00e9rio do Meio Ambiente de Bras\u00edlia (mais informa\u00e7\u00f5es <a href=\"https:\/\/www.black-jaguar.org\/pt-br\/parcerias-rurais-out-22\/\">neste link<\/a>)<\/li>\n<\/ul>\n[\/vc_column_text][divider line_type=&#8221;No Line&#8221;][vc_gallery type=&#8221;flexslider_style&#8221; images=&#8221;33469,33477&#8243; onclick=&#8221;link_no&#8221;][divider line_type=&#8221;No Line&#8221;][vc_column_text]OBS.: neste m\u00eas seguimos utilizando os servi\u00e7os de caminh\u00e3o pipa para abastecer as caixas que alimentam o painel da irriga\u00e7\u00e3o, devido ao baixo n\u00edvel do len\u00e7ol fre\u00e1tico por conta do per\u00edodo de seca;[\/vc_column_text][divider line_type=&#8221;No Line&#8221;][vc_column_text]Total da Atividade 2.2.5 alcan\u00e7ado: 8,20%<\/p>\n<p><em>As a\u00e7\u00f5es de mobiliza\u00e7\u00e3o comunit\u00e1ria, restaura\u00e7\u00e3o e manuten\u00e7\u00e3o de \u00e1reas degradadas na regi\u00e3o de Santana do Araguaia (PA) e Caseara (TO) fazem parte do programa Caixa Florestas, e s\u00e3o financiadas pelo Fundo Socioambiental CAIXA.<\/em>[\/vc_column_text][\/vc_column][\/vc_row][vc_row type=&#8221;in_container&#8221; full_screen_row_position=&#8221;middle&#8221; column_margin=&#8221;default&#8221; column_direction=&#8221;default&#8221; column_direction_tablet=&#8221;default&#8221; column_direction_phone=&#8221;default&#8221; scene_position=&#8221;center&#8221; text_color=&#8221;dark&#8221; text_align=&#8221;left&#8221; row_border_radius=&#8221;none&#8221; row_border_radius_applies=&#8221;bg&#8221; overflow=&#8221;visible&#8221; overlay_strength=&#8221;0.3&#8243; gradient_direction=&#8221;left_to_right&#8221; shape_divider_position=&#8221;bottom&#8221; bg_image_animation=&#8221;none&#8221;][vc_column column_padding=&#8221;no-extra-padding&#8221; column_padding_tablet=&#8221;inherit&#8221; column_padding_phone=&#8221;inherit&#8221; column_padding_position=&#8221;all&#8221; column_element_spacing=&#8221;default&#8221; background_color_opacity=&#8221;1&#8243; background_hover_color_opacity=&#8221;1&#8243; column_shadow=&#8221;none&#8221; column_border_radius=&#8221;none&#8221; column_link_target=&#8221;_self&#8221; column_position=&#8221;default&#8221; gradient_direction=&#8221;left_to_right&#8221; overlay_strength=&#8221;0.3&#8243; width=&#8221;1\/1&#8243; tablet_width_inherit=&#8221;default&#8221; tablet_text_alignment=&#8221;default&#8221; phone_text_alignment=&#8221;default&#8221; animation_type=&#8221;default&#8221; bg_image_animation=&#8221;none&#8221; border_type=&#8221;simple&#8221; column_border_width=&#8221;none&#8221; column_border_style=&#8221;solid&#8221;][\/vc_column][\/vc_row][vc_row type=&#8221;in_container&#8221; full_screen_row_position=&#8221;middle&#8221; column_margin=&#8221;default&#8221; column_direction=&#8221;default&#8221; column_direction_tablet=&#8221;default&#8221; column_direction_phone=&#8221;default&#8221; scene_position=&#8221;center&#8221; text_color=&#8221;dark&#8221; text_align=&#8221;left&#8221; row_border_radius=&#8221;none&#8221; row_border_radius_applies=&#8221;bg&#8221; overflow=&#8221;visible&#8221; overlay_strength=&#8221;0.3&#8243; gradient_direction=&#8221;left_to_right&#8221; shape_divider_position=&#8221;bottom&#8221; bg_image_animation=&#8221;none&#8221;][vc_column column_padding=&#8221;no-extra-padding&#8221; column_padding_tablet=&#8221;inherit&#8221; column_padding_phone=&#8221;inherit&#8221; column_padding_position=&#8221;all&#8221; column_element_spacing=&#8221;default&#8221; background_color_opacity=&#8221;1&#8243; background_hover_color_opacity=&#8221;1&#8243; column_shadow=&#8221;none&#8221; column_border_radius=&#8221;none&#8221; column_link_target=&#8221;_self&#8221; column_position=&#8221;default&#8221; gradient_direction=&#8221;left_to_right&#8221; overlay_strength=&#8221;0.3&#8243; width=&#8221;1\/1&#8243; tablet_width_inherit=&#8221;default&#8221; tablet_text_alignment=&#8221;default&#8221; phone_text_alignment=&#8221;default&#8221; animation_type=&#8221;default&#8221; bg_image_animation=&#8221;none&#8221; border_type=&#8221;simple&#8221; column_border_width=&#8221;none&#8221; column_border_style=&#8221;solid&#8221;][\/vc_column][\/vc_row][vc_row type=&#8221;in_container&#8221; full_screen_row_position=&#8221;middle&#8221; column_margin=&#8221;default&#8221; column_direction=&#8221;default&#8221; column_direction_tablet=&#8221;default&#8221; column_direction_phone=&#8221;default&#8221; scene_position=&#8221;center&#8221; text_color=&#8221;dark&#8221; text_align=&#8221;left&#8221; row_border_radius=&#8221;none&#8221; row_border_radius_applies=&#8221;bg&#8221; overflow=&#8221;visible&#8221; overlay_strength=&#8221;0.3&#8243; gradient_direction=&#8221;left_to_right&#8221; shape_divider_position=&#8221;bottom&#8221; bg_image_animation=&#8221;none&#8221;][vc_column column_padding=&#8221;no-extra-padding&#8221; column_padding_tablet=&#8221;inherit&#8221; column_padding_phone=&#8221;inherit&#8221; column_padding_position=&#8221;all&#8221; column_element_spacing=&#8221;default&#8221; background_color_opacity=&#8221;1&#8243; background_hover_color_opacity=&#8221;1&#8243; column_shadow=&#8221;none&#8221; column_border_radius=&#8221;none&#8221; column_link_target=&#8221;_self&#8221; column_position=&#8221;default&#8221; gradient_direction=&#8221;left_to_right&#8221; overlay_strength=&#8221;0.3&#8243; width=&#8221;1\/1&#8243; tablet_width_inherit=&#8221;default&#8221; tablet_text_alignment=&#8221;default&#8221; phone_text_alignment=&#8221;default&#8221; animation_type=&#8221;default&#8221; bg_image_animation=&#8221;none&#8221; border_type=&#8221;simple&#8221; column_border_width=&#8221;none&#8221; column_border_style=&#8221;solid&#8221;][\/vc_column][\/vc_row][vc_row type=&#8221;in_container&#8221; full_screen_row_position=&#8221;middle&#8221; column_margin=&#8221;default&#8221; column_direction=&#8221;default&#8221; column_direction_tablet=&#8221;default&#8221; column_direction_phone=&#8221;default&#8221; scene_position=&#8221;center&#8221; text_color=&#8221;dark&#8221; text_align=&#8221;left&#8221; row_border_radius=&#8221;none&#8221; row_border_radius_applies=&#8221;bg&#8221; overflow=&#8221;visible&#8221; overlay_strength=&#8221;0.3&#8243; gradient_direction=&#8221;left_to_right&#8221; shape_divider_position=&#8221;bottom&#8221; bg_image_animation=&#8221;none&#8221;][vc_column column_padding=&#8221;no-extra-padding&#8221; column_padding_tablet=&#8221;inherit&#8221; column_padding_phone=&#8221;inherit&#8221; column_padding_position=&#8221;all&#8221; column_element_spacing=&#8221;default&#8221; background_color_opacity=&#8221;1&#8243; background_hover_color_opacity=&#8221;1&#8243; column_shadow=&#8221;none&#8221; column_border_radius=&#8221;none&#8221; column_link_target=&#8221;_self&#8221; column_position=&#8221;default&#8221; gradient_direction=&#8221;left_to_right&#8221; overlay_strength=&#8221;0.3&#8243; width=&#8221;1\/1&#8243; tablet_width_inherit=&#8221;default&#8221; tablet_text_alignment=&#8221;default&#8221; phone_text_alignment=&#8221;default&#8221; animation_type=&#8221;default&#8221; bg_image_animation=&#8221;none&#8221; border_type=&#8221;simple&#8221; column_border_width=&#8221;none&#8221; column_border_style=&#8221;solid&#8221;][\/vc_column][\/vc_row]\n","protected":false},"excerpt":{"rendered":"<p>[vc_row type=&#8221;in_container&#8221; full_screen_row_position=&#8221;middle&#8221; column_margin=&#8221;default&#8221; column_direction=&#8221;default&#8221; column_direction_tablet=&#8221;default&#8221; column_direction_phone=&#8221;default&#8221; scene_position=&#8221;center&#8221; text_color=&#8221;dark&#8221; text_align=&#8221;left&#8221; row_border_radius=&#8221;none&#8221; row_border_radius_applies=&#8221;bg&#8221; overflow=&#8221;visible&#8221; overlay_strength=&#8221;0.3&#8243; gradient_direction=&#8221;left_to_right&#8221; shape_divider_position=&#8221;bottom&#8221; bg_image_animation=&#8221;none&#8221;][vc_column column_padding=&#8221;no-extra-padding&#8221; column_padding_tablet=&#8221;inherit&#8221; column_padding_phone=&#8221;inherit&#8221; column_padding_position=&#8221;all&#8221; column_element_spacing=&#8221;default&#8221; background_color_opacity=&#8221;1&#8243; background_hover_color_opacity=&#8221;1&#8243; column_shadow=&#8221;none&#8221; column_border_radius=&#8221;none&#8221; column_link_target=&#8221;_self&#8221; column_position=&#8221;default&#8221; gradient_direction=&#8221;left_to_right&#8221; overlay_strength=&#8221;0.3&#8243;&#8230;<\/p>\n","protected":false},"author":57,"featured_media":33283,"comment_status":"closed","ping_status":"closed","sticky":false,"template":"","format":"standard","meta":{"footnotes":""},"categories":[124],"tags":[],"class_list":{"0":"post-33419","1":"post","2":"type-post","3":"status-publish","4":"format-standard","5":"has-post-thumbnail","7":"category-caixa-pt-br"},"yoast_head":"<!-- This site is optimized with the Yoast SEO plugin v27.5 - https:\/\/yoast.com\/product\/yoast-seo-wordpress\/ -->\n<title>Viveiro Black Jaguar \u2013 prepara\u00e7\u00e3o das mudas \u00e0s v\u00e9speras do in\u00edcio do plantio - Black Jaguar Foundation<\/title>\n<meta name=\"description\" content=\"Com o in\u00edcio da temporada chuvosa na regi\u00e3o do Araguaia, nossa equipe respons\u00e1vel pelo viveiro est\u00e1 em plena atividade. Confira!\" \/>\n<meta name=\"robots\" content=\"index, follow, max-snippet:-1, max-image-preview:large, max-video-preview:-1\" \/>\n<link rel=\"canonical\" href=\"https:\/\/www.black-jaguar.org\/pt-br\/viveirobjf-out-22\/\" \/>\n<meta property=\"og:locale\" content=\"pt_BR\" \/>\n<meta property=\"og:type\" content=\"article\" \/>\n<meta property=\"og:title\" content=\"Viveiro Black Jaguar \u2013 prepara\u00e7\u00e3o das mudas \u00e0s v\u00e9speras do in\u00edcio do plantio - Black Jaguar Foundation\" \/>\n<meta property=\"og:description\" content=\"Com o in\u00edcio da temporada chuvosa na regi\u00e3o do Araguaia, nossa equipe respons\u00e1vel pelo viveiro est\u00e1 em plena atividade. Confira!\" \/>\n<meta property=\"og:url\" content=\"https:\/\/www.black-jaguar.org\/pt-br\/viveirobjf-out-22\/\" \/>\n<meta property=\"og:site_name\" content=\"Black Jaguar Foundation\" \/>\n<meta property=\"article:published_time\" content=\"2022-11-30T19:16:30+00:00\" \/>\n<meta property=\"article:modified_time\" content=\"2022-11-30T19:25:00+00:00\" \/>\n<meta property=\"og:image\" content=\"https:\/\/www.black-jaguar.org\/wp-content\/uploads\/2022\/11\/NV25457.jpg\" \/>\n\t<meta property=\"og:image:width\" content=\"2000\" \/>\n\t<meta property=\"og:image:height\" content=\"1335\" \/>\n\t<meta property=\"og:image:type\" content=\"image\/jpeg\" \/>\n<meta name=\"author\" content=\"Ana Paula Mendes\" \/>\n<meta name=\"twitter:card\" content=\"summary_large_image\" \/>\n<meta name=\"twitter:label1\" content=\"Escrito por\" \/>\n\t<meta name=\"twitter:data1\" content=\"Ana Paula Mendes\" \/>\n\t<meta name=\"twitter:label2\" content=\"Est. tempo de leitura\" \/>\n\t<meta name=\"twitter:data2\" content=\"4 minutos\" \/>\n<script type=\"application\/ld+json\" class=\"yoast-schema-graph\">{\"@context\":\"https:\\\/\\\/schema.org\",\"@graph\":[{\"@type\":\"Article\",\"@id\":\"https:\\\/\\\/www.black-jaguar.org\\\/pt-br\\\/viveirobjf-out-22\\\/#article\",\"isPartOf\":{\"@id\":\"https:\\\/\\\/www.black-jaguar.org\\\/pt-br\\\/viveirobjf-out-22\\\/\"},\"author\":{\"name\":\"Ana Paula Mendes\",\"@id\":\"https:\\\/\\\/www.black-jaguar.org\\\/pt-br\\\/#\\\/schema\\\/person\\\/c3bb0ccb39c1d5102f2fbff235906901\"},\"headline\":\"Viveiro Black Jaguar \u2013 prepara\u00e7\u00e3o das mudas \u00e0s v\u00e9speras do in\u00edcio do plantio\",\"datePublished\":\"2022-11-30T19:16:30+00:00\",\"dateModified\":\"2022-11-30T19:25:00+00:00\",\"mainEntityOfPage\":{\"@id\":\"https:\\\/\\\/www.black-jaguar.org\\\/pt-br\\\/viveirobjf-out-22\\\/\"},\"wordCount\":1461,\"publisher\":{\"@id\":\"https:\\\/\\\/www.black-jaguar.org\\\/pt-br\\\/#organization\"},\"image\":{\"@id\":\"https:\\\/\\\/www.black-jaguar.org\\\/pt-br\\\/viveirobjf-out-22\\\/#primaryimage\"},\"thumbnailUrl\":\"https:\\\/\\\/www.black-jaguar.org\\\/wp-content\\\/uploads\\\/2022\\\/11\\\/NV25457.jpg\",\"articleSection\":[\"CAIXA\"],\"inLanguage\":\"pt-BR\"},{\"@type\":\"WebPage\",\"@id\":\"https:\\\/\\\/www.black-jaguar.org\\\/pt-br\\\/viveirobjf-out-22\\\/\",\"url\":\"https:\\\/\\\/www.black-jaguar.org\\\/pt-br\\\/viveirobjf-out-22\\\/\",\"name\":\"Viveiro Black Jaguar \u2013 prepara\u00e7\u00e3o das mudas \u00e0s v\u00e9speras do in\u00edcio do plantio - Black Jaguar Foundation\",\"isPartOf\":{\"@id\":\"https:\\\/\\\/www.black-jaguar.org\\\/pt-br\\\/#website\"},\"primaryImageOfPage\":{\"@id\":\"https:\\\/\\\/www.black-jaguar.org\\\/pt-br\\\/viveirobjf-out-22\\\/#primaryimage\"},\"image\":{\"@id\":\"https:\\\/\\\/www.black-jaguar.org\\\/pt-br\\\/viveirobjf-out-22\\\/#primaryimage\"},\"thumbnailUrl\":\"https:\\\/\\\/www.black-jaguar.org\\\/wp-content\\\/uploads\\\/2022\\\/11\\\/NV25457.jpg\",\"datePublished\":\"2022-11-30T19:16:30+00:00\",\"dateModified\":\"2022-11-30T19:25:00+00:00\",\"description\":\"Com o in\u00edcio da temporada chuvosa na regi\u00e3o do Araguaia, nossa equipe respons\u00e1vel pelo viveiro est\u00e1 em plena atividade. Confira!\",\"breadcrumb\":{\"@id\":\"https:\\\/\\\/www.black-jaguar.org\\\/pt-br\\\/viveirobjf-out-22\\\/#breadcrumb\"},\"inLanguage\":\"pt-BR\",\"potentialAction\":[{\"@type\":\"ReadAction\",\"target\":[\"https:\\\/\\\/www.black-jaguar.org\\\/pt-br\\\/viveirobjf-out-22\\\/\"]}]},{\"@type\":\"ImageObject\",\"inLanguage\":\"pt-BR\",\"@id\":\"https:\\\/\\\/www.black-jaguar.org\\\/pt-br\\\/viveirobjf-out-22\\\/#primaryimage\",\"url\":\"https:\\\/\\\/www.black-jaguar.org\\\/wp-content\\\/uploads\\\/2022\\\/11\\\/NV25457.jpg\",\"contentUrl\":\"https:\\\/\\\/www.black-jaguar.org\\\/wp-content\\\/uploads\\\/2022\\\/11\\\/NV25457.jpg\",\"width\":2000,\"height\":1335},{\"@type\":\"BreadcrumbList\",\"@id\":\"https:\\\/\\\/www.black-jaguar.org\\\/pt-br\\\/viveirobjf-out-22\\\/#breadcrumb\",\"itemListElement\":[{\"@type\":\"ListItem\",\"position\":1,\"name\":\"Home\",\"item\":\"https:\\\/\\\/www.black-jaguar.org\\\/pt-br\\\/\"},{\"@type\":\"ListItem\",\"position\":2,\"name\":\"Viveiro Black Jaguar \u2013 prepara\u00e7\u00e3o das mudas \u00e0s v\u00e9speras do in\u00edcio do plantio\"}]},{\"@type\":\"WebSite\",\"@id\":\"https:\\\/\\\/www.black-jaguar.org\\\/pt-br\\\/#website\",\"url\":\"https:\\\/\\\/www.black-jaguar.org\\\/pt-br\\\/\",\"name\":\"Black Jaguar Foundation\",\"description\":\"realising the largest biodiversity corridor on earth\",\"publisher\":{\"@id\":\"https:\\\/\\\/www.black-jaguar.org\\\/pt-br\\\/#organization\"},\"potentialAction\":[{\"@type\":\"SearchAction\",\"target\":{\"@type\":\"EntryPoint\",\"urlTemplate\":\"https:\\\/\\\/www.black-jaguar.org\\\/pt-br\\\/?s={search_term_string}\"},\"query-input\":{\"@type\":\"PropertyValueSpecification\",\"valueRequired\":true,\"valueName\":\"search_term_string\"}}],\"inLanguage\":\"pt-BR\"},{\"@type\":\"Organization\",\"@id\":\"https:\\\/\\\/www.black-jaguar.org\\\/pt-br\\\/#organization\",\"name\":\"Black Jaguar Foundation\",\"url\":\"https:\\\/\\\/www.black-jaguar.org\\\/pt-br\\\/\",\"logo\":{\"@type\":\"ImageObject\",\"inLanguage\":\"pt-BR\",\"@id\":\"https:\\\/\\\/www.black-jaguar.org\\\/pt-br\\\/#\\\/schema\\\/logo\\\/image\\\/\",\"url\":\"https:\\\/\\\/www.black-jaguar.org\\\/wp-content\\\/uploads\\\/2021\\\/07\\\/2.-PNG_BJF_LOGO_21_April_2020-1.png\",\"contentUrl\":\"https:\\\/\\\/www.black-jaguar.org\\\/wp-content\\\/uploads\\\/2021\\\/07\\\/2.-PNG_BJF_LOGO_21_April_2020-1.png\",\"width\":519,\"height\":537,\"caption\":\"Black Jaguar Foundation\"},\"image\":{\"@id\":\"https:\\\/\\\/www.black-jaguar.org\\\/pt-br\\\/#\\\/schema\\\/logo\\\/image\\\/\"}},{\"@type\":\"Person\",\"@id\":\"https:\\\/\\\/www.black-jaguar.org\\\/pt-br\\\/#\\\/schema\\\/person\\\/c3bb0ccb39c1d5102f2fbff235906901\",\"name\":\"Ana Paula Mendes\",\"image\":{\"@type\":\"ImageObject\",\"inLanguage\":\"pt-BR\",\"@id\":\"https:\\\/\\\/secure.gravatar.com\\\/avatar\\\/239f795260150786312c9ada87e81ff94fa5ce3a9faa02189d7db665b164497e?s=96&d=mm&r=g\",\"url\":\"https:\\\/\\\/secure.gravatar.com\\\/avatar\\\/239f795260150786312c9ada87e81ff94fa5ce3a9faa02189d7db665b164497e?s=96&d=mm&r=g\",\"contentUrl\":\"https:\\\/\\\/secure.gravatar.com\\\/avatar\\\/239f795260150786312c9ada87e81ff94fa5ce3a9faa02189d7db665b164497e?s=96&d=mm&r=g\",\"caption\":\"Ana Paula Mendes\"},\"url\":\"https:\\\/\\\/www.black-jaguar.org\\\/pt-br\\\/author\\\/a-mendesblack-jaguar-org\\\/\"}]}<\/script>\n<!-- \/ Yoast SEO plugin. -->","yoast_head_json":{"title":"Viveiro Black Jaguar \u2013 prepara\u00e7\u00e3o das mudas \u00e0s v\u00e9speras do in\u00edcio do plantio - Black Jaguar Foundation","description":"Com o in\u00edcio da temporada chuvosa na regi\u00e3o do Araguaia, nossa equipe respons\u00e1vel pelo viveiro est\u00e1 em plena atividade. Confira!","robots":{"index":"index","follow":"follow","max-snippet":"max-snippet:-1","max-image-preview":"max-image-preview:large","max-video-preview":"max-video-preview:-1"},"canonical":"https:\/\/www.black-jaguar.org\/pt-br\/viveirobjf-out-22\/","og_locale":"pt_BR","og_type":"article","og_title":"Viveiro Black Jaguar \u2013 prepara\u00e7\u00e3o das mudas \u00e0s v\u00e9speras do in\u00edcio do plantio - Black Jaguar Foundation","og_description":"Com o in\u00edcio da temporada chuvosa na regi\u00e3o do Araguaia, nossa equipe respons\u00e1vel pelo viveiro est\u00e1 em plena atividade. Confira!","og_url":"https:\/\/www.black-jaguar.org\/pt-br\/viveirobjf-out-22\/","og_site_name":"Black Jaguar Foundation","article_published_time":"2022-11-30T19:16:30+00:00","article_modified_time":"2022-11-30T19:25:00+00:00","og_image":[{"width":2000,"height":1335,"url":"https:\/\/www.black-jaguar.org\/wp-content\/uploads\/2022\/11\/NV25457.jpg","type":"image\/jpeg"}],"author":"Ana Paula Mendes","twitter_card":"summary_large_image","twitter_misc":{"Escrito por":"Ana Paula Mendes","Est. tempo de leitura":"4 minutos"},"schema":{"@context":"https:\/\/schema.org","@graph":[{"@type":"Article","@id":"https:\/\/www.black-jaguar.org\/pt-br\/viveirobjf-out-22\/#article","isPartOf":{"@id":"https:\/\/www.black-jaguar.org\/pt-br\/viveirobjf-out-22\/"},"author":{"name":"Ana Paula Mendes","@id":"https:\/\/www.black-jaguar.org\/pt-br\/#\/schema\/person\/c3bb0ccb39c1d5102f2fbff235906901"},"headline":"Viveiro Black Jaguar \u2013 prepara\u00e7\u00e3o das mudas \u00e0s v\u00e9speras do in\u00edcio do plantio","datePublished":"2022-11-30T19:16:30+00:00","dateModified":"2022-11-30T19:25:00+00:00","mainEntityOfPage":{"@id":"https:\/\/www.black-jaguar.org\/pt-br\/viveirobjf-out-22\/"},"wordCount":1461,"publisher":{"@id":"https:\/\/www.black-jaguar.org\/pt-br\/#organization"},"image":{"@id":"https:\/\/www.black-jaguar.org\/pt-br\/viveirobjf-out-22\/#primaryimage"},"thumbnailUrl":"https:\/\/www.black-jaguar.org\/wp-content\/uploads\/2022\/11\/NV25457.jpg","articleSection":["CAIXA"],"inLanguage":"pt-BR"},{"@type":"WebPage","@id":"https:\/\/www.black-jaguar.org\/pt-br\/viveirobjf-out-22\/","url":"https:\/\/www.black-jaguar.org\/pt-br\/viveirobjf-out-22\/","name":"Viveiro Black Jaguar \u2013 prepara\u00e7\u00e3o das mudas \u00e0s v\u00e9speras do in\u00edcio do plantio - Black Jaguar Foundation","isPartOf":{"@id":"https:\/\/www.black-jaguar.org\/pt-br\/#website"},"primaryImageOfPage":{"@id":"https:\/\/www.black-jaguar.org\/pt-br\/viveirobjf-out-22\/#primaryimage"},"image":{"@id":"https:\/\/www.black-jaguar.org\/pt-br\/viveirobjf-out-22\/#primaryimage"},"thumbnailUrl":"https:\/\/www.black-jaguar.org\/wp-content\/uploads\/2022\/11\/NV25457.jpg","datePublished":"2022-11-30T19:16:30+00:00","dateModified":"2022-11-30T19:25:00+00:00","description":"Com o in\u00edcio da temporada chuvosa na regi\u00e3o do Araguaia, nossa equipe respons\u00e1vel pelo viveiro est\u00e1 em plena atividade. Confira!","breadcrumb":{"@id":"https:\/\/www.black-jaguar.org\/pt-br\/viveirobjf-out-22\/#breadcrumb"},"inLanguage":"pt-BR","potentialAction":[{"@type":"ReadAction","target":["https:\/\/www.black-jaguar.org\/pt-br\/viveirobjf-out-22\/"]}]},{"@type":"ImageObject","inLanguage":"pt-BR","@id":"https:\/\/www.black-jaguar.org\/pt-br\/viveirobjf-out-22\/#primaryimage","url":"https:\/\/www.black-jaguar.org\/wp-content\/uploads\/2022\/11\/NV25457.jpg","contentUrl":"https:\/\/www.black-jaguar.org\/wp-content\/uploads\/2022\/11\/NV25457.jpg","width":2000,"height":1335},{"@type":"BreadcrumbList","@id":"https:\/\/www.black-jaguar.org\/pt-br\/viveirobjf-out-22\/#breadcrumb","itemListElement":[{"@type":"ListItem","position":1,"name":"Home","item":"https:\/\/www.black-jaguar.org\/pt-br\/"},{"@type":"ListItem","position":2,"name":"Viveiro Black Jaguar \u2013 prepara\u00e7\u00e3o das mudas \u00e0s v\u00e9speras do in\u00edcio do plantio"}]},{"@type":"WebSite","@id":"https:\/\/www.black-jaguar.org\/pt-br\/#website","url":"https:\/\/www.black-jaguar.org\/pt-br\/","name":"Black Jaguar Foundation","description":"realising the largest biodiversity corridor on earth","publisher":{"@id":"https:\/\/www.black-jaguar.org\/pt-br\/#organization"},"potentialAction":[{"@type":"SearchAction","target":{"@type":"EntryPoint","urlTemplate":"https:\/\/www.black-jaguar.org\/pt-br\/?s={search_term_string}"},"query-input":{"@type":"PropertyValueSpecification","valueRequired":true,"valueName":"search_term_string"}}],"inLanguage":"pt-BR"},{"@type":"Organization","@id":"https:\/\/www.black-jaguar.org\/pt-br\/#organization","name":"Black Jaguar Foundation","url":"https:\/\/www.black-jaguar.org\/pt-br\/","logo":{"@type":"ImageObject","inLanguage":"pt-BR","@id":"https:\/\/www.black-jaguar.org\/pt-br\/#\/schema\/logo\/image\/","url":"https:\/\/www.black-jaguar.org\/wp-content\/uploads\/2021\/07\/2.-PNG_BJF_LOGO_21_April_2020-1.png","contentUrl":"https:\/\/www.black-jaguar.org\/wp-content\/uploads\/2021\/07\/2.-PNG_BJF_LOGO_21_April_2020-1.png","width":519,"height":537,"caption":"Black Jaguar Foundation"},"image":{"@id":"https:\/\/www.black-jaguar.org\/pt-br\/#\/schema\/logo\/image\/"}},{"@type":"Person","@id":"https:\/\/www.black-jaguar.org\/pt-br\/#\/schema\/person\/c3bb0ccb39c1d5102f2fbff235906901","name":"Ana Paula Mendes","image":{"@type":"ImageObject","inLanguage":"pt-BR","@id":"https:\/\/secure.gravatar.com\/avatar\/239f795260150786312c9ada87e81ff94fa5ce3a9faa02189d7db665b164497e?s=96&d=mm&r=g","url":"https:\/\/secure.gravatar.com\/avatar\/239f795260150786312c9ada87e81ff94fa5ce3a9faa02189d7db665b164497e?s=96&d=mm&r=g","contentUrl":"https:\/\/secure.gravatar.com\/avatar\/239f795260150786312c9ada87e81ff94fa5ce3a9faa02189d7db665b164497e?s=96&d=mm&r=g","caption":"Ana Paula Mendes"},"url":"https:\/\/www.black-jaguar.org\/pt-br\/author\/a-mendesblack-jaguar-org\/"}]}},"_links":{"self":[{"href":"https:\/\/www.black-jaguar.org\/pt-br\/wp-json\/wp\/v2\/posts\/33419","targetHints":{"allow":["GET"]}}],"collection":[{"href":"https:\/\/www.black-jaguar.org\/pt-br\/wp-json\/wp\/v2\/posts"}],"about":[{"href":"https:\/\/www.black-jaguar.org\/pt-br\/wp-json\/wp\/v2\/types\/post"}],"author":[{"embeddable":true,"href":"https:\/\/www.black-jaguar.org\/pt-br\/wp-json\/wp\/v2\/users\/57"}],"replies":[{"embeddable":true,"href":"https:\/\/www.black-jaguar.org\/pt-br\/wp-json\/wp\/v2\/comments?post=33419"}],"version-history":[{"count":5,"href":"https:\/\/www.black-jaguar.org\/pt-br\/wp-json\/wp\/v2\/posts\/33419\/revisions"}],"predecessor-version":[{"id":33481,"href":"https:\/\/www.black-jaguar.org\/pt-br\/wp-json\/wp\/v2\/posts\/33419\/revisions\/33481"}],"wp:featuredmedia":[{"embeddable":true,"href":"https:\/\/www.black-jaguar.org\/pt-br\/wp-json\/wp\/v2\/media\/33283"}],"wp:attachment":[{"href":"https:\/\/www.black-jaguar.org\/pt-br\/wp-json\/wp\/v2\/media?parent=33419"}],"wp:term":[{"taxonomy":"category","embeddable":true,"href":"https:\/\/www.black-jaguar.org\/pt-br\/wp-json\/wp\/v2\/categories?post=33419"},{"taxonomy":"post_tag","embeddable":true,"href":"https:\/\/www.black-jaguar.org\/pt-br\/wp-json\/wp\/v2\/tags?post=33419"}],"curies":[{"name":"wp","href":"https:\/\/api.w.org\/{rel}","templated":true}]}}