{"id":32511,"date":"2022-10-27T13:15:54","date_gmt":"2022-10-27T11:15:54","guid":{"rendered":"https:\/\/www.black-jaguar.org\/?p=32511"},"modified":"2022-10-27T15:39:44","modified_gmt":"2022-10-27T13:39:44","slug":"15-anos-rede-sementes-xingu","status":"publish","type":"post","link":"https:\/\/www.black-jaguar.org\/pt-br\/15-anos-rede-sementes-xingu\/","title":{"rendered":"BJF participa de encontro em comemora\u00e7\u00e3o aos 15 anos da Rede de Sementes do Xingu"},"content":{"rendered":"[vc_row type=&#8221;in_container&#8221; full_screen_row_position=&#8221;middle&#8221; column_margin=&#8221;default&#8221; column_direction=&#8221;default&#8221; column_direction_tablet=&#8221;default&#8221; column_direction_phone=&#8221;default&#8221; scene_position=&#8221;center&#8221; text_color=&#8221;dark&#8221; text_align=&#8221;left&#8221; row_border_radius=&#8221;none&#8221; row_border_radius_applies=&#8221;bg&#8221; overflow=&#8221;visible&#8221; overlay_strength=&#8221;0.3&#8243; gradient_direction=&#8221;left_to_right&#8221; shape_divider_position=&#8221;bottom&#8221; bg_image_animation=&#8221;none&#8221;][vc_column column_padding=&#8221;no-extra-padding&#8221; column_padding_tablet=&#8221;inherit&#8221; column_padding_phone=&#8221;inherit&#8221; column_padding_position=&#8221;all&#8221; column_element_spacing=&#8221;default&#8221; background_color_opacity=&#8221;1&#8243; background_hover_color_opacity=&#8221;1&#8243; column_shadow=&#8221;none&#8221; column_border_radius=&#8221;none&#8221; column_link_target=&#8221;_self&#8221; column_position=&#8221;default&#8221; gradient_direction=&#8221;left_to_right&#8221; overlay_strength=&#8221;0.3&#8243; width=&#8221;1\/1&#8243; tablet_width_inherit=&#8221;default&#8221; tablet_text_alignment=&#8221;default&#8221; phone_text_alignment=&#8221;default&#8221; animation_type=&#8221;default&#8221; bg_image_animation=&#8221;none&#8221; border_type=&#8221;simple&#8221; column_border_width=&#8221;none&#8221; column_border_style=&#8221;solid&#8221;][vc_column_text]A Rede de Sementes do Araguaia \u00e9 uma iniciativa da Black Jaguar Foundation que, apesar de j\u00e1 ter apresentado excelentes benef\u00edcios \u00e0s comunidades locais e ao Corredor de Biodiversidade do Araguaia, ainda est\u00e1 dando os seus primeiros passos. E para tornar nosso coletivo de sementes cada dia mais capaz de gerar impactos positivos \u00e0 sociedade ao meio ambiente, nada melhor do que aprender com quem j\u00e1 est\u00e1 h\u00e1 15 anos fazendo hist\u00f3ria, n\u00e3o \u00e9?<\/p>\n<p>Com esse objetivo, nossa analista de produ\u00e7\u00e3o de sementes, La\u00eds D\u2019\u00cdsep, participou do Encontr\u00e3o em comemora\u00e7\u00e3o aos 15 anos da Rede de Sementes do Xingu (ARSX)! O encontro reuniu coletores, representantes de organiza\u00e7\u00f5es, jornalistas e apoiadores de todo o Brasil para compartilhar conhecimentos e experi\u00eancias sobre um objetivo em comum: restaurar a sociobiodiversidade do planeta.<\/p>\n<p>O evento foi realizado no Polo Pavuru e na aldeia Moygu, Territ\u00f3rio Ind\u00edgena do Xingu (TIX), Mato Grosso, \u00e0s margens do rio Xingu. L\u00e1, vive o povo ind\u00edgena Ikpeng e \u00e9 sede do Movimento das Mulheres Yarang &#8211; grupo integrante da Rede de Sementes do Xingu junto com outras 24 comunidades.[\/vc_column_text][divider line_type=&#8221;No Line&#8221;][image_with_animation image_url=&#8221;32513&#8243; image_size=&#8221;full&#8221; animation_type=&#8221;entrance&#8221; animation=&#8221;Fade In&#8221; hover_animation=&#8221;none&#8221; alignment=&#8221;center&#8221; border_radius=&#8221;none&#8221; box_shadow=&#8221;none&#8221; image_loading=&#8221;default&#8221; max_width=&#8221;100%&#8221; max_width_mobile=&#8221;default&#8221;][divider line_type=&#8221;No Line&#8221;][vc_column_text]\n<h5 style=\"text-align: center;\"><strong>Programa\u00e7\u00e3o do encontr\u00e3o de 15 anos da rede de sementes do Xingu<\/strong><\/h5>\n<p>No primeiro dia j\u00e1 no territ\u00f3rio ind\u00edgena, cerca de 210 participantes acompanharam os relatos das lideran\u00e7as dos grupos coletores da Rede de Sementes do Xingu e de outras organiza\u00e7\u00f5es sobre o trabalho em conjunto inspirado pela rede. Tamb\u00e9m foram realizadas apresenta\u00e7\u00f5es culturais ind\u00edgenas, com uma dan\u00e7a de celebra\u00e7\u00e3o dos Ikpeng.<\/p>\n<p>No dia seguinte, os convidados puderam coletar no ch\u00e3o da floresta sementes de amescla na companhia das mulheres Yarang \u2013 que sempre fazem esse trabalho em grupo e cantando. Em seguida, foram apresentadas algumas das iniciativas bem-sucedidas da rede &#8211; como o trabalho com a juventude e o fundo rotativo social. No per\u00edodo da tarde, todos se reuniram para fazer uma muvuca e cada participante p\u00f4de levar parte das sementes para casa.<\/p>\n<p>\u00c0 noite, um concurso de forr\u00f3 foi organizado para o encerramento da celebra\u00e7\u00e3o e, no dia seguinte, todos retornaram para Canarana (MT). [\/vc_column_text][divider line_type=&#8221;No Line&#8221;][vc_gallery type=&#8221;parallax_image_grid&#8221; images=&#8221;32517,32521,32525,32721&#8243;][divider line_type=&#8221;No Line&#8221;][vc_column_text]\n<h5 class=\"p1\"><strong>I Encontro do Red\u00e1rio<\/strong><\/h5>\n<p>Outro evento que contou com a presen\u00e7a da Rede de Sementes do Araguaia foi o I Encontro do Red\u00e1rio!<\/p>\n<p>O Red\u00e1rio \u00e9 uma iniciativa criada com o intuito de reunir todas as redes de sementes do Brasil, al\u00e9m de associa\u00e7\u00f5es de coletores, laborat\u00f3rios, academia e demais organiza\u00e7\u00f5es para oferecer apoio t\u00e9cnico, legal e comercial \u00e0s Redes de Sementes.<\/p>\n<p>A primeira edi\u00e7\u00e3o do encontro foi ocorreu na Aldeia Multi\u00e9tnica, na Chapada dos Veadeiros &#8211; Alto Para\u00edso de Goi\u00e1s, e teve como objetivo a troca de experi\u00eancias entre os convidados e a constru\u00e7\u00e3o conjunta do que, de fato, o Red\u00e1rio \u00e9 e pode vir a ser.[\/vc_column_text][divider line_type=&#8221;No Line&#8221;][vc_gallery type=&#8221;parallax_image_grid&#8221; images=&#8221;32552,32556,32560,32564&#8243;][divider line_type=&#8221;No Line&#8221;][vc_column_text]Ao longo dos tr\u00eas dias de evento, o Red\u00e1rio apresentou sua iniciativa e todos puderam trocar experi\u00eancia sobre temas como: coleta e limpeza de sementes; secagem e armazenamento de sementes; casa de sementes; precifica\u00e7\u00e3o; gest\u00e3o da coleta; comunica\u00e7\u00e3o e governan\u00e7a; RENASEM e identifica\u00e7\u00e3o bot\u00e2nica.[\/vc_column_text][\/vc_column][\/vc_row][vc_row type=&#8221;in_container&#8221; full_screen_row_position=&#8221;middle&#8221; column_margin=&#8221;default&#8221; column_direction=&#8221;default&#8221; column_direction_tablet=&#8221;default&#8221; column_direction_phone=&#8221;default&#8221; scene_position=&#8221;center&#8221; text_color=&#8221;dark&#8221; text_align=&#8221;left&#8221; row_border_radius=&#8221;none&#8221; row_border_radius_applies=&#8221;bg&#8221; overflow=&#8221;visible&#8221; overlay_strength=&#8221;0.3&#8243; gradient_direction=&#8221;left_to_right&#8221; shape_divider_position=&#8221;bottom&#8221; bg_image_animation=&#8221;none&#8221;][vc_column column_padding=&#8221;no-extra-padding&#8221; column_padding_tablet=&#8221;inherit&#8221; column_padding_phone=&#8221;inherit&#8221; column_padding_position=&#8221;all&#8221; column_element_spacing=&#8221;default&#8221; background_color_opacity=&#8221;1&#8243; background_hover_color_opacity=&#8221;1&#8243; column_shadow=&#8221;none&#8221; column_border_radius=&#8221;none&#8221; column_link_target=&#8221;_self&#8221; column_position=&#8221;default&#8221; gradient_direction=&#8221;left_to_right&#8221; overlay_strength=&#8221;0.3&#8243; width=&#8221;1\/1&#8243; tablet_width_inherit=&#8221;default&#8221; tablet_text_alignment=&#8221;default&#8221; phone_text_alignment=&#8221;default&#8221; animation_type=&#8221;default&#8221; bg_image_animation=&#8221;none&#8221; border_type=&#8221;simple&#8221; column_border_width=&#8221;none&#8221; column_border_style=&#8221;solid&#8221;][\/vc_column][\/vc_row]\n","protected":false},"excerpt":{"rendered":"<p>[vc_row type=&#8221;in_container&#8221; full_screen_row_position=&#8221;middle&#8221; column_margin=&#8221;default&#8221; column_direction=&#8221;default&#8221; column_direction_tablet=&#8221;default&#8221; column_direction_phone=&#8221;default&#8221; scene_position=&#8221;center&#8221; text_color=&#8221;dark&#8221; text_align=&#8221;left&#8221; row_border_radius=&#8221;none&#8221; row_border_radius_applies=&#8221;bg&#8221; overflow=&#8221;visible&#8221; overlay_strength=&#8221;0.3&#8243; gradient_direction=&#8221;left_to_right&#8221; shape_divider_position=&#8221;bottom&#8221; bg_image_animation=&#8221;none&#8221;][vc_column column_padding=&#8221;no-extra-padding&#8221; column_padding_tablet=&#8221;inherit&#8221; column_padding_phone=&#8221;inherit&#8221; column_padding_position=&#8221;all&#8221; column_element_spacing=&#8221;default&#8221; background_color_opacity=&#8221;1&#8243; background_hover_color_opacity=&#8221;1&#8243; column_shadow=&#8221;none&#8221; column_border_radius=&#8221;none&#8221; column_link_target=&#8221;_self&#8221; column_position=&#8221;default&#8221; gradient_direction=&#8221;left_to_right&#8221; overlay_strength=&#8221;0.3&#8243;&#8230;<\/p>\n","protected":false},"author":55,"featured_media":32724,"comment_status":"closed","ping_status":"closed","sticky":false,"template":"","format":"standard","meta":{"footnotes":""},"categories":[82],"tags":[],"class_list":{"0":"post-32511","1":"post","2":"type-post","3":"status-publish","4":"format-standard","5":"has-post-thumbnail","7":"category-news-home-pt-br"},"yoast_head":"<!-- This site is optimized with the Yoast SEO plugin v27.4 - https:\/\/yoast.com\/product\/yoast-seo-wordpress\/ -->\n<title>BJF participa de encontro em comemora\u00e7\u00e3o aos 15 anos da Rede de Sementes do Xingu - Black Jaguar Foundation<\/title>\n<meta name=\"description\" content=\"Como estamos desenvolvendo a Rede de Sementes do Araguaia? Atrav\u00e9s de muito aprendizado. E estamos aprendendo com os melhores...\" \/>\n<meta name=\"robots\" content=\"index, follow, max-snippet:-1, max-image-preview:large, max-video-preview:-1\" \/>\n<link rel=\"canonical\" href=\"https:\/\/www.black-jaguar.org\/pt-br\/15-anos-rede-sementes-xingu\/\" \/>\n<meta property=\"og:locale\" content=\"pt_BR\" \/>\n<meta property=\"og:type\" content=\"article\" \/>\n<meta property=\"og:title\" content=\"BJF participa de encontro em comemora\u00e7\u00e3o aos 15 anos da Rede de Sementes do Xingu - Black Jaguar Foundation\" \/>\n<meta property=\"og:description\" content=\"Como estamos desenvolvendo a Rede de Sementes do Araguaia? Atrav\u00e9s de muito aprendizado. E estamos aprendendo com os melhores...\" \/>\n<meta property=\"og:url\" content=\"https:\/\/www.black-jaguar.org\/pt-br\/15-anos-rede-sementes-xingu\/\" \/>\n<meta property=\"og:site_name\" content=\"Black Jaguar Foundation\" \/>\n<meta property=\"article:published_time\" content=\"2022-10-27T11:15:54+00:00\" \/>\n<meta property=\"article:modified_time\" content=\"2022-10-27T13:39:44+00:00\" \/>\n<meta property=\"og:image\" content=\"https:\/\/www.black-jaguar.org\/wp-content\/uploads\/2022\/10\/rede_Sementes_xingu.png\" \/>\n\t<meta property=\"og:image:width\" content=\"560\" \/>\n\t<meta property=\"og:image:height\" content=\"374\" \/>\n\t<meta property=\"og:image:type\" content=\"image\/png\" \/>\n<meta name=\"author\" content=\"Julia Silveira\" \/>\n<meta name=\"twitter:card\" content=\"summary_large_image\" \/>\n<meta name=\"twitter:label1\" content=\"Escrito por\" \/>\n\t<meta name=\"twitter:data1\" content=\"Julia Silveira\" \/>\n\t<meta name=\"twitter:label2\" content=\"Est. tempo de leitura\" \/>\n\t<meta name=\"twitter:data2\" content=\"3 minutos\" \/>\n<script type=\"application\/ld+json\" class=\"yoast-schema-graph\">{\"@context\":\"https:\\\/\\\/schema.org\",\"@graph\":[{\"@type\":\"Article\",\"@id\":\"https:\\\/\\\/www.black-jaguar.org\\\/pt-br\\\/15-anos-rede-sementes-xingu\\\/#article\",\"isPartOf\":{\"@id\":\"https:\\\/\\\/www.black-jaguar.org\\\/pt-br\\\/15-anos-rede-sementes-xingu\\\/\"},\"author\":{\"name\":\"Julia Silveira\",\"@id\":\"https:\\\/\\\/www.black-jaguar.org\\\/pt-br\\\/#\\\/schema\\\/person\\\/43acb7d2518ac24737cf8f27d3f3278a\"},\"headline\":\"BJF participa de encontro em comemora\u00e7\u00e3o aos 15 anos da Rede de Sementes do Xingu\",\"datePublished\":\"2022-10-27T11:15:54+00:00\",\"dateModified\":\"2022-10-27T13:39:44+00:00\",\"mainEntityOfPage\":{\"@id\":\"https:\\\/\\\/www.black-jaguar.org\\\/pt-br\\\/15-anos-rede-sementes-xingu\\\/\"},\"wordCount\":931,\"publisher\":{\"@id\":\"https:\\\/\\\/www.black-jaguar.org\\\/pt-br\\\/#organization\"},\"image\":{\"@id\":\"https:\\\/\\\/www.black-jaguar.org\\\/pt-br\\\/15-anos-rede-sementes-xingu\\\/#primaryimage\"},\"thumbnailUrl\":\"https:\\\/\\\/www.black-jaguar.org\\\/wp-content\\\/uploads\\\/2022\\\/10\\\/rede_Sementes_xingu.png\",\"articleSection\":[\"News Home\"],\"inLanguage\":\"pt-BR\"},{\"@type\":\"WebPage\",\"@id\":\"https:\\\/\\\/www.black-jaguar.org\\\/pt-br\\\/15-anos-rede-sementes-xingu\\\/\",\"url\":\"https:\\\/\\\/www.black-jaguar.org\\\/pt-br\\\/15-anos-rede-sementes-xingu\\\/\",\"name\":\"BJF participa de encontro em comemora\u00e7\u00e3o aos 15 anos da Rede de Sementes do Xingu - Black Jaguar Foundation\",\"isPartOf\":{\"@id\":\"https:\\\/\\\/www.black-jaguar.org\\\/pt-br\\\/#website\"},\"primaryImageOfPage\":{\"@id\":\"https:\\\/\\\/www.black-jaguar.org\\\/pt-br\\\/15-anos-rede-sementes-xingu\\\/#primaryimage\"},\"image\":{\"@id\":\"https:\\\/\\\/www.black-jaguar.org\\\/pt-br\\\/15-anos-rede-sementes-xingu\\\/#primaryimage\"},\"thumbnailUrl\":\"https:\\\/\\\/www.black-jaguar.org\\\/wp-content\\\/uploads\\\/2022\\\/10\\\/rede_Sementes_xingu.png\",\"datePublished\":\"2022-10-27T11:15:54+00:00\",\"dateModified\":\"2022-10-27T13:39:44+00:00\",\"description\":\"Como estamos desenvolvendo a Rede de Sementes do Araguaia? Atrav\u00e9s de muito aprendizado. E estamos aprendendo com os melhores...\",\"breadcrumb\":{\"@id\":\"https:\\\/\\\/www.black-jaguar.org\\\/pt-br\\\/15-anos-rede-sementes-xingu\\\/#breadcrumb\"},\"inLanguage\":\"pt-BR\",\"potentialAction\":[{\"@type\":\"ReadAction\",\"target\":[\"https:\\\/\\\/www.black-jaguar.org\\\/pt-br\\\/15-anos-rede-sementes-xingu\\\/\"]}]},{\"@type\":\"ImageObject\",\"inLanguage\":\"pt-BR\",\"@id\":\"https:\\\/\\\/www.black-jaguar.org\\\/pt-br\\\/15-anos-rede-sementes-xingu\\\/#primaryimage\",\"url\":\"https:\\\/\\\/www.black-jaguar.org\\\/wp-content\\\/uploads\\\/2022\\\/10\\\/rede_Sementes_xingu.png\",\"contentUrl\":\"https:\\\/\\\/www.black-jaguar.org\\\/wp-content\\\/uploads\\\/2022\\\/10\\\/rede_Sementes_xingu.png\",\"width\":560,\"height\":374},{\"@type\":\"BreadcrumbList\",\"@id\":\"https:\\\/\\\/www.black-jaguar.org\\\/pt-br\\\/15-anos-rede-sementes-xingu\\\/#breadcrumb\",\"itemListElement\":[{\"@type\":\"ListItem\",\"position\":1,\"name\":\"Home\",\"item\":\"https:\\\/\\\/www.black-jaguar.org\\\/pt-br\\\/\"},{\"@type\":\"ListItem\",\"position\":2,\"name\":\"BJF participa de encontro em comemora\u00e7\u00e3o aos 15 anos da Rede de Sementes do Xingu\"}]},{\"@type\":\"WebSite\",\"@id\":\"https:\\\/\\\/www.black-jaguar.org\\\/pt-br\\\/#website\",\"url\":\"https:\\\/\\\/www.black-jaguar.org\\\/pt-br\\\/\",\"name\":\"Black Jaguar Foundation\",\"description\":\"realising the largest biodiversity corridor on earth\",\"publisher\":{\"@id\":\"https:\\\/\\\/www.black-jaguar.org\\\/pt-br\\\/#organization\"},\"potentialAction\":[{\"@type\":\"SearchAction\",\"target\":{\"@type\":\"EntryPoint\",\"urlTemplate\":\"https:\\\/\\\/www.black-jaguar.org\\\/pt-br\\\/?s={search_term_string}\"},\"query-input\":{\"@type\":\"PropertyValueSpecification\",\"valueRequired\":true,\"valueName\":\"search_term_string\"}}],\"inLanguage\":\"pt-BR\"},{\"@type\":\"Organization\",\"@id\":\"https:\\\/\\\/www.black-jaguar.org\\\/pt-br\\\/#organization\",\"name\":\"Black Jaguar Foundation\",\"url\":\"https:\\\/\\\/www.black-jaguar.org\\\/pt-br\\\/\",\"logo\":{\"@type\":\"ImageObject\",\"inLanguage\":\"pt-BR\",\"@id\":\"https:\\\/\\\/www.black-jaguar.org\\\/pt-br\\\/#\\\/schema\\\/logo\\\/image\\\/\",\"url\":\"https:\\\/\\\/www.black-jaguar.org\\\/wp-content\\\/uploads\\\/2021\\\/07\\\/2.-PNG_BJF_LOGO_21_April_2020-1.png\",\"contentUrl\":\"https:\\\/\\\/www.black-jaguar.org\\\/wp-content\\\/uploads\\\/2021\\\/07\\\/2.-PNG_BJF_LOGO_21_April_2020-1.png\",\"width\":519,\"height\":537,\"caption\":\"Black Jaguar Foundation\"},\"image\":{\"@id\":\"https:\\\/\\\/www.black-jaguar.org\\\/pt-br\\\/#\\\/schema\\\/logo\\\/image\\\/\"}},{\"@type\":\"Person\",\"@id\":\"https:\\\/\\\/www.black-jaguar.org\\\/pt-br\\\/#\\\/schema\\\/person\\\/43acb7d2518ac24737cf8f27d3f3278a\",\"name\":\"Julia Silveira\",\"image\":{\"@type\":\"ImageObject\",\"inLanguage\":\"pt-BR\",\"@id\":\"https:\\\/\\\/secure.gravatar.com\\\/avatar\\\/0c0baa3a335f0f41c172edd1ee6ccc8848818acaa876c7b4d2c57cbe5c1671b5?s=96&d=mm&r=g\",\"url\":\"https:\\\/\\\/secure.gravatar.com\\\/avatar\\\/0c0baa3a335f0f41c172edd1ee6ccc8848818acaa876c7b4d2c57cbe5c1671b5?s=96&d=mm&r=g\",\"contentUrl\":\"https:\\\/\\\/secure.gravatar.com\\\/avatar\\\/0c0baa3a335f0f41c172edd1ee6ccc8848818acaa876c7b4d2c57cbe5c1671b5?s=96&d=mm&r=g\",\"caption\":\"Julia Silveira\"},\"url\":\"https:\\\/\\\/www.black-jaguar.org\\\/pt-br\\\/author\\\/julia-silveira\\\/\"}]}<\/script>\n<!-- \/ Yoast SEO plugin. -->","yoast_head_json":{"title":"BJF participa de encontro em comemora\u00e7\u00e3o aos 15 anos da Rede de Sementes do Xingu - Black Jaguar Foundation","description":"Como estamos desenvolvendo a Rede de Sementes do Araguaia? Atrav\u00e9s de muito aprendizado. E estamos aprendendo com os melhores...","robots":{"index":"index","follow":"follow","max-snippet":"max-snippet:-1","max-image-preview":"max-image-preview:large","max-video-preview":"max-video-preview:-1"},"canonical":"https:\/\/www.black-jaguar.org\/pt-br\/15-anos-rede-sementes-xingu\/","og_locale":"pt_BR","og_type":"article","og_title":"BJF participa de encontro em comemora\u00e7\u00e3o aos 15 anos da Rede de Sementes do Xingu - Black Jaguar Foundation","og_description":"Como estamos desenvolvendo a Rede de Sementes do Araguaia? Atrav\u00e9s de muito aprendizado. E estamos aprendendo com os melhores...","og_url":"https:\/\/www.black-jaguar.org\/pt-br\/15-anos-rede-sementes-xingu\/","og_site_name":"Black Jaguar Foundation","article_published_time":"2022-10-27T11:15:54+00:00","article_modified_time":"2022-10-27T13:39:44+00:00","og_image":[{"width":560,"height":374,"url":"https:\/\/www.black-jaguar.org\/wp-content\/uploads\/2022\/10\/rede_Sementes_xingu.png","type":"image\/png"}],"author":"Julia Silveira","twitter_card":"summary_large_image","twitter_misc":{"Escrito por":"Julia Silveira","Est. tempo de leitura":"3 minutos"},"schema":{"@context":"https:\/\/schema.org","@graph":[{"@type":"Article","@id":"https:\/\/www.black-jaguar.org\/pt-br\/15-anos-rede-sementes-xingu\/#article","isPartOf":{"@id":"https:\/\/www.black-jaguar.org\/pt-br\/15-anos-rede-sementes-xingu\/"},"author":{"name":"Julia Silveira","@id":"https:\/\/www.black-jaguar.org\/pt-br\/#\/schema\/person\/43acb7d2518ac24737cf8f27d3f3278a"},"headline":"BJF participa de encontro em comemora\u00e7\u00e3o aos 15 anos da Rede de Sementes do Xingu","datePublished":"2022-10-27T11:15:54+00:00","dateModified":"2022-10-27T13:39:44+00:00","mainEntityOfPage":{"@id":"https:\/\/www.black-jaguar.org\/pt-br\/15-anos-rede-sementes-xingu\/"},"wordCount":931,"publisher":{"@id":"https:\/\/www.black-jaguar.org\/pt-br\/#organization"},"image":{"@id":"https:\/\/www.black-jaguar.org\/pt-br\/15-anos-rede-sementes-xingu\/#primaryimage"},"thumbnailUrl":"https:\/\/www.black-jaguar.org\/wp-content\/uploads\/2022\/10\/rede_Sementes_xingu.png","articleSection":["News Home"],"inLanguage":"pt-BR"},{"@type":"WebPage","@id":"https:\/\/www.black-jaguar.org\/pt-br\/15-anos-rede-sementes-xingu\/","url":"https:\/\/www.black-jaguar.org\/pt-br\/15-anos-rede-sementes-xingu\/","name":"BJF participa de encontro em comemora\u00e7\u00e3o aos 15 anos da Rede de Sementes do Xingu - Black Jaguar Foundation","isPartOf":{"@id":"https:\/\/www.black-jaguar.org\/pt-br\/#website"},"primaryImageOfPage":{"@id":"https:\/\/www.black-jaguar.org\/pt-br\/15-anos-rede-sementes-xingu\/#primaryimage"},"image":{"@id":"https:\/\/www.black-jaguar.org\/pt-br\/15-anos-rede-sementes-xingu\/#primaryimage"},"thumbnailUrl":"https:\/\/www.black-jaguar.org\/wp-content\/uploads\/2022\/10\/rede_Sementes_xingu.png","datePublished":"2022-10-27T11:15:54+00:00","dateModified":"2022-10-27T13:39:44+00:00","description":"Como estamos desenvolvendo a Rede de Sementes do Araguaia? Atrav\u00e9s de muito aprendizado. E estamos aprendendo com os melhores...","breadcrumb":{"@id":"https:\/\/www.black-jaguar.org\/pt-br\/15-anos-rede-sementes-xingu\/#breadcrumb"},"inLanguage":"pt-BR","potentialAction":[{"@type":"ReadAction","target":["https:\/\/www.black-jaguar.org\/pt-br\/15-anos-rede-sementes-xingu\/"]}]},{"@type":"ImageObject","inLanguage":"pt-BR","@id":"https:\/\/www.black-jaguar.org\/pt-br\/15-anos-rede-sementes-xingu\/#primaryimage","url":"https:\/\/www.black-jaguar.org\/wp-content\/uploads\/2022\/10\/rede_Sementes_xingu.png","contentUrl":"https:\/\/www.black-jaguar.org\/wp-content\/uploads\/2022\/10\/rede_Sementes_xingu.png","width":560,"height":374},{"@type":"BreadcrumbList","@id":"https:\/\/www.black-jaguar.org\/pt-br\/15-anos-rede-sementes-xingu\/#breadcrumb","itemListElement":[{"@type":"ListItem","position":1,"name":"Home","item":"https:\/\/www.black-jaguar.org\/pt-br\/"},{"@type":"ListItem","position":2,"name":"BJF participa de encontro em comemora\u00e7\u00e3o aos 15 anos da Rede de Sementes do Xingu"}]},{"@type":"WebSite","@id":"https:\/\/www.black-jaguar.org\/pt-br\/#website","url":"https:\/\/www.black-jaguar.org\/pt-br\/","name":"Black Jaguar Foundation","description":"realising the largest biodiversity corridor on earth","publisher":{"@id":"https:\/\/www.black-jaguar.org\/pt-br\/#organization"},"potentialAction":[{"@type":"SearchAction","target":{"@type":"EntryPoint","urlTemplate":"https:\/\/www.black-jaguar.org\/pt-br\/?s={search_term_string}"},"query-input":{"@type":"PropertyValueSpecification","valueRequired":true,"valueName":"search_term_string"}}],"inLanguage":"pt-BR"},{"@type":"Organization","@id":"https:\/\/www.black-jaguar.org\/pt-br\/#organization","name":"Black Jaguar Foundation","url":"https:\/\/www.black-jaguar.org\/pt-br\/","logo":{"@type":"ImageObject","inLanguage":"pt-BR","@id":"https:\/\/www.black-jaguar.org\/pt-br\/#\/schema\/logo\/image\/","url":"https:\/\/www.black-jaguar.org\/wp-content\/uploads\/2021\/07\/2.-PNG_BJF_LOGO_21_April_2020-1.png","contentUrl":"https:\/\/www.black-jaguar.org\/wp-content\/uploads\/2021\/07\/2.-PNG_BJF_LOGO_21_April_2020-1.png","width":519,"height":537,"caption":"Black Jaguar Foundation"},"image":{"@id":"https:\/\/www.black-jaguar.org\/pt-br\/#\/schema\/logo\/image\/"}},{"@type":"Person","@id":"https:\/\/www.black-jaguar.org\/pt-br\/#\/schema\/person\/43acb7d2518ac24737cf8f27d3f3278a","name":"Julia Silveira","image":{"@type":"ImageObject","inLanguage":"pt-BR","@id":"https:\/\/secure.gravatar.com\/avatar\/0c0baa3a335f0f41c172edd1ee6ccc8848818acaa876c7b4d2c57cbe5c1671b5?s=96&d=mm&r=g","url":"https:\/\/secure.gravatar.com\/avatar\/0c0baa3a335f0f41c172edd1ee6ccc8848818acaa876c7b4d2c57cbe5c1671b5?s=96&d=mm&r=g","contentUrl":"https:\/\/secure.gravatar.com\/avatar\/0c0baa3a335f0f41c172edd1ee6ccc8848818acaa876c7b4d2c57cbe5c1671b5?s=96&d=mm&r=g","caption":"Julia Silveira"},"url":"https:\/\/www.black-jaguar.org\/pt-br\/author\/julia-silveira\/"}]}},"_links":{"self":[{"href":"https:\/\/www.black-jaguar.org\/pt-br\/wp-json\/wp\/v2\/posts\/32511","targetHints":{"allow":["GET"]}}],"collection":[{"href":"https:\/\/www.black-jaguar.org\/pt-br\/wp-json\/wp\/v2\/posts"}],"about":[{"href":"https:\/\/www.black-jaguar.org\/pt-br\/wp-json\/wp\/v2\/types\/post"}],"author":[{"embeddable":true,"href":"https:\/\/www.black-jaguar.org\/pt-br\/wp-json\/wp\/v2\/users\/55"}],"replies":[{"embeddable":true,"href":"https:\/\/www.black-jaguar.org\/pt-br\/wp-json\/wp\/v2\/comments?post=32511"}],"version-history":[{"count":2,"href":"https:\/\/www.black-jaguar.org\/pt-br\/wp-json\/wp\/v2\/posts\/32511\/revisions"}],"predecessor-version":[{"id":32794,"href":"https:\/\/www.black-jaguar.org\/pt-br\/wp-json\/wp\/v2\/posts\/32511\/revisions\/32794"}],"wp:featuredmedia":[{"embeddable":true,"href":"https:\/\/www.black-jaguar.org\/pt-br\/wp-json\/wp\/v2\/media\/32724"}],"wp:attachment":[{"href":"https:\/\/www.black-jaguar.org\/pt-br\/wp-json\/wp\/v2\/media?parent=32511"}],"wp:term":[{"taxonomy":"category","embeddable":true,"href":"https:\/\/www.black-jaguar.org\/pt-br\/wp-json\/wp\/v2\/categories?post=32511"},{"taxonomy":"post_tag","embeddable":true,"href":"https:\/\/www.black-jaguar.org\/pt-br\/wp-json\/wp\/v2\/tags?post=32511"}],"curies":[{"name":"wp","href":"https:\/\/api.w.org\/{rel}","templated":true}]}}