{"id":27585,"date":"2022-02-03T18:00:52","date_gmt":"2022-02-03T16:00:52","guid":{"rendered":"https:\/\/www.black-jaguar.org\/meet-paulo-ferreira-secretary-of-environment-of-caseara\/"},"modified":"2022-02-10T17:31:03","modified_gmt":"2022-02-10T15:31:03","slug":"conheca-paulo-ferreira-o-secretario-do-meio-ambiente-de-caseara","status":"publish","type":"post","link":"https:\/\/www.black-jaguar.org\/pt-br\/conheca-paulo-ferreira-o-secretario-do-meio-ambiente-de-caseara\/","title":{"rendered":"Conhe\u00e7a Paulo Ferreira, o Secret\u00e1rio do Meio Ambiente de Caseara"},"content":{"rendered":"[vc_row type=&#8221;in_container&#8221; full_screen_row_position=&#8221;middle&#8221; column_margin=&#8221;default&#8221; column_direction=&#8221;default&#8221; column_direction_tablet=&#8221;default&#8221; column_direction_phone=&#8221;default&#8221; scene_position=&#8221;center&#8221; text_color=&#8221;dark&#8221; text_align=&#8221;left&#8221; row_border_radius=&#8221;none&#8221; row_border_radius_applies=&#8221;bg&#8221; overflow=&#8221;visible&#8221; overlay_strength=&#8221;0.3&#8243; gradient_direction=&#8221;left_to_right&#8221; shape_divider_position=&#8221;bottom&#8221; bg_image_animation=&#8221;none&#8221;][vc_column column_padding=&#8221;no-extra-padding&#8221; column_padding_tablet=&#8221;inherit&#8221; column_padding_phone=&#8221;inherit&#8221; column_padding_position=&#8221;all&#8221; column_element_spacing=&#8221;default&#8221; background_color_opacity=&#8221;1&#8243; background_hover_color_opacity=&#8221;1&#8243; column_shadow=&#8221;none&#8221; column_border_radius=&#8221;none&#8221; column_link_target=&#8221;_self&#8221; column_position=&#8221;default&#8221; gradient_direction=&#8221;left_to_right&#8221; overlay_strength=&#8221;0.3&#8243; width=&#8221;1\/1&#8243; tablet_width_inherit=&#8221;default&#8221; tablet_text_alignment=&#8221;default&#8221; phone_text_alignment=&#8221;default&#8221; animation_type=&#8221;default&#8221; bg_image_animation=&#8221;none&#8221; border_type=&#8221;simple&#8221; column_border_width=&#8221;none&#8221; column_border_style=&#8221;solid&#8221;][divider line_type=&#8221;No Line&#8221;][\/vc_column][\/vc_row][vc_row type=&#8221;in_container&#8221; full_screen_row_position=&#8221;middle&#8221; column_margin=&#8221;default&#8221; column_direction=&#8221;default&#8221; column_direction_tablet=&#8221;default&#8221; column_direction_phone=&#8221;default&#8221; scene_position=&#8221;center&#8221; text_color=&#8221;dark&#8221; text_align=&#8221;left&#8221; row_border_radius=&#8221;none&#8221; row_border_radius_applies=&#8221;bg&#8221; overflow=&#8221;visible&#8221; overlay_strength=&#8221;0.3&#8243; gradient_direction=&#8221;left_to_right&#8221; shape_divider_position=&#8221;bottom&#8221; bg_image_animation=&#8221;none&#8221;][vc_column column_padding=&#8221;no-extra-padding&#8221; column_padding_tablet=&#8221;inherit&#8221; column_padding_phone=&#8221;inherit&#8221; column_padding_position=&#8221;all&#8221; column_element_spacing=&#8221;default&#8221; background_color_opacity=&#8221;1&#8243; background_hover_color_opacity=&#8221;1&#8243; column_shadow=&#8221;none&#8221; column_border_radius=&#8221;none&#8221; column_link_target=&#8221;_self&#8221; column_position=&#8221;default&#8221; gradient_direction=&#8221;left_to_right&#8221; overlay_strength=&#8221;0.3&#8243; width=&#8221;1\/1&#8243; tablet_width_inherit=&#8221;default&#8221; tablet_text_alignment=&#8221;default&#8221; phone_text_alignment=&#8221;default&#8221; animation_type=&#8221;default&#8221; bg_image_animation=&#8221;none&#8221; border_type=&#8221;simple&#8221; column_border_width=&#8221;none&#8221; column_border_style=&#8221;solid&#8221;][vc_column_text]Paulo Ferreira, Secret\u00e1rio do Meio Ambiente de Caseara, nos explicou o quanto o Rio Araguaia \u00e9 importante na regi\u00e3o.\u00a0 Ele demonstrou a gravidade da seca, e enfatizou que &#8220;sem \u00e1gua n\u00e3o h\u00e1 agricultura&#8221;, atividade econ\u00f4mica essencial para a regi\u00e3o.[\/vc_column_text][divider line_type=&#8221;No Line&#8221;][vc_video link=&#8221;https:\/\/vimeo.com\/674549383&#8243;][divider line_type=&#8221;No Line&#8221;][vc_column_text]Em seu depoimento ele explica que a BJF est\u00e1 fazendo um trabalho crucial na regi\u00e3o. Atrav\u00e9s da restaura\u00e7\u00e3o florestal desempenhamos um papel fundamental na regula\u00e7\u00e3o dos padr\u00f5es meteorol\u00f3gicos e na preven\u00e7\u00e3o do agravamento de futuras secas. Somos gratos pelo apoio do Paulo e de Caseara em nosso projeto![\/vc_column_text][\/vc_column][\/vc_row][vc_row type=&#8221;in_container&#8221; full_screen_row_position=&#8221;middle&#8221; column_margin=&#8221;default&#8221; column_direction=&#8221;default&#8221; column_direction_tablet=&#8221;default&#8221; column_direction_phone=&#8221;default&#8221; scene_position=&#8221;center&#8221; text_color=&#8221;dark&#8221; text_align=&#8221;left&#8221; row_border_radius=&#8221;none&#8221; row_border_radius_applies=&#8221;bg&#8221; overflow=&#8221;visible&#8221; overlay_strength=&#8221;0.3&#8243; gradient_direction=&#8221;left_to_right&#8221; shape_divider_position=&#8221;bottom&#8221; bg_image_animation=&#8221;none&#8221;][vc_column column_padding=&#8221;no-extra-padding&#8221; column_padding_tablet=&#8221;inherit&#8221; column_padding_phone=&#8221;inherit&#8221; column_padding_position=&#8221;all&#8221; column_element_spacing=&#8221;default&#8221; background_color_opacity=&#8221;1&#8243; background_hover_color_opacity=&#8221;1&#8243; column_shadow=&#8221;none&#8221; column_border_radius=&#8221;none&#8221; column_link_target=&#8221;_self&#8221; column_position=&#8221;default&#8221; gradient_direction=&#8221;left_to_right&#8221; overlay_strength=&#8221;0.3&#8243; width=&#8221;1\/1&#8243; tablet_width_inherit=&#8221;default&#8221; tablet_text_alignment=&#8221;default&#8221; phone_text_alignment=&#8221;default&#8221; animation_type=&#8221;default&#8221; bg_image_animation=&#8221;none&#8221; border_type=&#8221;simple&#8221; column_border_width=&#8221;none&#8221; column_border_style=&#8221;solid&#8221;][\/vc_column][\/vc_row][vc_row type=&#8221;in_container&#8221; full_screen_row_position=&#8221;middle&#8221; column_margin=&#8221;default&#8221; column_direction=&#8221;default&#8221; column_direction_tablet=&#8221;default&#8221; column_direction_phone=&#8221;default&#8221; scene_position=&#8221;center&#8221; text_color=&#8221;dark&#8221; text_align=&#8221;left&#8221; row_border_radius=&#8221;none&#8221; row_border_radius_applies=&#8221;bg&#8221; overflow=&#8221;visible&#8221; overlay_strength=&#8221;0.3&#8243; gradient_direction=&#8221;left_to_right&#8221; shape_divider_position=&#8221;bottom&#8221; bg_image_animation=&#8221;none&#8221;][vc_column column_padding=&#8221;no-extra-padding&#8221; column_padding_tablet=&#8221;inherit&#8221; column_padding_phone=&#8221;inherit&#8221; column_padding_position=&#8221;all&#8221; column_element_spacing=&#8221;default&#8221; background_color_opacity=&#8221;1&#8243; background_hover_color_opacity=&#8221;1&#8243; column_shadow=&#8221;none&#8221; column_border_radius=&#8221;none&#8221; column_link_target=&#8221;_self&#8221; column_position=&#8221;default&#8221; gradient_direction=&#8221;left_to_right&#8221; overlay_strength=&#8221;0.3&#8243; width=&#8221;1\/1&#8243; tablet_width_inherit=&#8221;default&#8221; tablet_text_alignment=&#8221;default&#8221; phone_text_alignment=&#8221;default&#8221; animation_type=&#8221;default&#8221; bg_image_animation=&#8221;none&#8221; border_type=&#8221;simple&#8221; column_border_width=&#8221;none&#8221; column_border_style=&#8221;solid&#8221;][\/vc_column][\/vc_row]\n","protected":false},"excerpt":{"rendered":"<p>[vc_row type=&#8221;in_container&#8221; full_screen_row_position=&#8221;middle&#8221; column_margin=&#8221;default&#8221; column_direction=&#8221;default&#8221; column_direction_tablet=&#8221;default&#8221; column_direction_phone=&#8221;default&#8221; scene_position=&#8221;center&#8221; text_color=&#8221;dark&#8221; text_align=&#8221;left&#8221; row_border_radius=&#8221;none&#8221; row_border_radius_applies=&#8221;bg&#8221; overflow=&#8221;visible&#8221; overlay_strength=&#8221;0.3&#8243; gradient_direction=&#8221;left_to_right&#8221; shape_divider_position=&#8221;bottom&#8221; bg_image_animation=&#8221;none&#8221;][vc_column column_padding=&#8221;no-extra-padding&#8221; column_padding_tablet=&#8221;inherit&#8221; column_padding_phone=&#8221;inherit&#8221; column_padding_position=&#8221;all&#8221; column_element_spacing=&#8221;default&#8221; background_color_opacity=&#8221;1&#8243; background_hover_color_opacity=&#8221;1&#8243; column_shadow=&#8221;none&#8221; column_border_radius=&#8221;none&#8221; column_link_target=&#8221;_self&#8221; column_position=&#8221;default&#8221; gradient_direction=&#8221;left_to_right&#8221; overlay_strength=&#8221;0.3&#8243;&#8230;<\/p>\n","protected":false},"author":55,"featured_media":27641,"comment_status":"closed","ping_status":"closed","sticky":false,"template":"","format":"standard","meta":{"footnotes":""},"categories":[70,82],"tags":[],"class_list":{"0":"post-27585","1":"post","2":"type-post","3":"status-publish","4":"format-standard","5":"has-post-thumbnail","7":"category-nao-categorizado","8":"category-news-home-pt-br"},"yoast_head":"<!-- This site is optimized with the Yoast SEO plugin v27.4 - https:\/\/yoast.com\/product\/yoast-seo-wordpress\/ -->\n<title>Conhe\u00e7a Paulo Ferreira, o Secret\u00e1rio do Meio Ambiente de Caseara - Black Jaguar Foundation<\/title>\n<meta name=\"robots\" content=\"index, follow, max-snippet:-1, max-image-preview:large, max-video-preview:-1\" \/>\n<link rel=\"canonical\" href=\"https:\/\/www.black-jaguar.org\/pt-br\/conheca-paulo-ferreira-o-secretario-do-meio-ambiente-de-caseara\/\" \/>\n<meta property=\"og:locale\" content=\"pt_BR\" \/>\n<meta property=\"og:type\" content=\"article\" \/>\n<meta property=\"og:title\" content=\"Conhe\u00e7a Paulo Ferreira, o Secret\u00e1rio do Meio Ambiente de Caseara - Black Jaguar Foundation\" \/>\n<meta property=\"og:description\" content=\"[vc_row type=&#8221;in_container&#8221; full_screen_row_position=&#8221;middle&#8221; column_margin=&#8221;default&#8221; column_direction=&#8221;default&#8221; column_direction_tablet=&#8221;default&#8221; column_direction_phone=&#8221;default&#8221; scene_position=&#8221;center&#8221; text_color=&#8221;dark&#8221; text_align=&#8221;left&#8221; row_border_radius=&#8221;none&#8221; row_border_radius_applies=&#8221;bg&#8221; overflow=&#8221;visible&#8221; overlay_strength=&#8221;0.3&#8243; gradient_direction=&#8221;left_to_right&#8221; shape_divider_position=&#8221;bottom&#8221; bg_image_animation=&#8221;none&#8221;][vc_column column_padding=&#8221;no-extra-padding&#8221; column_padding_tablet=&#8221;inherit&#8221; column_padding_phone=&#8221;inherit&#8221; column_padding_position=&#8221;all&#8221; column_element_spacing=&#8221;default&#8221; background_color_opacity=&#8221;1&#8243; background_hover_color_opacity=&#8221;1&#8243; column_shadow=&#8221;none&#8221; column_border_radius=&#8221;none&#8221; column_link_target=&#8221;_self&#8221; column_position=&#8221;default&#8221; gradient_direction=&#8221;left_to_right&#8221; overlay_strength=&#8221;0.3&#8243;...\" \/>\n<meta property=\"og:url\" content=\"https:\/\/www.black-jaguar.org\/pt-br\/conheca-paulo-ferreira-o-secretario-do-meio-ambiente-de-caseara\/\" \/>\n<meta property=\"og:site_name\" content=\"Black Jaguar Foundation\" \/>\n<meta property=\"article:published_time\" content=\"2022-02-03T16:00:52+00:00\" \/>\n<meta property=\"article:modified_time\" content=\"2022-02-10T15:31:03+00:00\" \/>\n<meta property=\"og:image\" content=\"https:\/\/www.black-jaguar.org\/wp-content\/uploads\/2022\/02\/paulo-feature.png\" \/>\n\t<meta property=\"og:image:width\" content=\"2324\" \/>\n\t<meta property=\"og:image:height\" content=\"1282\" \/>\n\t<meta property=\"og:image:type\" content=\"image\/png\" \/>\n<meta name=\"author\" content=\"Julia Silveira\" \/>\n<meta name=\"twitter:card\" content=\"summary_large_image\" \/>\n<meta name=\"twitter:label1\" content=\"Escrito por\" \/>\n\t<meta name=\"twitter:data1\" content=\"Julia Silveira\" \/>\n\t<meta name=\"twitter:label2\" content=\"Est. tempo de leitura\" \/>\n\t<meta name=\"twitter:data2\" content=\"2 minutos\" \/>\n<script type=\"application\/ld+json\" class=\"yoast-schema-graph\">{\"@context\":\"https:\\\/\\\/schema.org\",\"@graph\":[{\"@type\":\"Article\",\"@id\":\"https:\\\/\\\/www.black-jaguar.org\\\/pt-br\\\/conheca-paulo-ferreira-o-secretario-do-meio-ambiente-de-caseara\\\/#article\",\"isPartOf\":{\"@id\":\"https:\\\/\\\/www.black-jaguar.org\\\/pt-br\\\/conheca-paulo-ferreira-o-secretario-do-meio-ambiente-de-caseara\\\/\"},\"author\":{\"name\":\"Julia Silveira\",\"@id\":\"https:\\\/\\\/www.black-jaguar.org\\\/pt-br\\\/#\\\/schema\\\/person\\\/43acb7d2518ac24737cf8f27d3f3278a\"},\"headline\":\"Conhe\u00e7a Paulo Ferreira, o Secret\u00e1rio do Meio Ambiente de Caseara\",\"datePublished\":\"2022-02-03T16:00:52+00:00\",\"dateModified\":\"2022-02-10T15:31:03+00:00\",\"mainEntityOfPage\":{\"@id\":\"https:\\\/\\\/www.black-jaguar.org\\\/pt-br\\\/conheca-paulo-ferreira-o-secretario-do-meio-ambiente-de-caseara\\\/\"},\"wordCount\":715,\"publisher\":{\"@id\":\"https:\\\/\\\/www.black-jaguar.org\\\/pt-br\\\/#organization\"},\"image\":{\"@id\":\"https:\\\/\\\/www.black-jaguar.org\\\/pt-br\\\/conheca-paulo-ferreira-o-secretario-do-meio-ambiente-de-caseara\\\/#primaryimage\"},\"thumbnailUrl\":\"https:\\\/\\\/www.black-jaguar.org\\\/wp-content\\\/uploads\\\/2022\\\/02\\\/paulo-feature.png\",\"articleSection\":[\"N\u00e3o categorizado\",\"News Home\"],\"inLanguage\":\"pt-BR\"},{\"@type\":\"WebPage\",\"@id\":\"https:\\\/\\\/www.black-jaguar.org\\\/pt-br\\\/conheca-paulo-ferreira-o-secretario-do-meio-ambiente-de-caseara\\\/\",\"url\":\"https:\\\/\\\/www.black-jaguar.org\\\/pt-br\\\/conheca-paulo-ferreira-o-secretario-do-meio-ambiente-de-caseara\\\/\",\"name\":\"Conhe\u00e7a Paulo Ferreira, o Secret\u00e1rio do Meio Ambiente de Caseara - Black Jaguar Foundation\",\"isPartOf\":{\"@id\":\"https:\\\/\\\/www.black-jaguar.org\\\/pt-br\\\/#website\"},\"primaryImageOfPage\":{\"@id\":\"https:\\\/\\\/www.black-jaguar.org\\\/pt-br\\\/conheca-paulo-ferreira-o-secretario-do-meio-ambiente-de-caseara\\\/#primaryimage\"},\"image\":{\"@id\":\"https:\\\/\\\/www.black-jaguar.org\\\/pt-br\\\/conheca-paulo-ferreira-o-secretario-do-meio-ambiente-de-caseara\\\/#primaryimage\"},\"thumbnailUrl\":\"https:\\\/\\\/www.black-jaguar.org\\\/wp-content\\\/uploads\\\/2022\\\/02\\\/paulo-feature.png\",\"datePublished\":\"2022-02-03T16:00:52+00:00\",\"dateModified\":\"2022-02-10T15:31:03+00:00\",\"breadcrumb\":{\"@id\":\"https:\\\/\\\/www.black-jaguar.org\\\/pt-br\\\/conheca-paulo-ferreira-o-secretario-do-meio-ambiente-de-caseara\\\/#breadcrumb\"},\"inLanguage\":\"pt-BR\",\"potentialAction\":[{\"@type\":\"ReadAction\",\"target\":[\"https:\\\/\\\/www.black-jaguar.org\\\/pt-br\\\/conheca-paulo-ferreira-o-secretario-do-meio-ambiente-de-caseara\\\/\"]}]},{\"@type\":\"ImageObject\",\"inLanguage\":\"pt-BR\",\"@id\":\"https:\\\/\\\/www.black-jaguar.org\\\/pt-br\\\/conheca-paulo-ferreira-o-secretario-do-meio-ambiente-de-caseara\\\/#primaryimage\",\"url\":\"https:\\\/\\\/www.black-jaguar.org\\\/wp-content\\\/uploads\\\/2022\\\/02\\\/paulo-feature.png\",\"contentUrl\":\"https:\\\/\\\/www.black-jaguar.org\\\/wp-content\\\/uploads\\\/2022\\\/02\\\/paulo-feature.png\",\"width\":2324,\"height\":1282},{\"@type\":\"BreadcrumbList\",\"@id\":\"https:\\\/\\\/www.black-jaguar.org\\\/pt-br\\\/conheca-paulo-ferreira-o-secretario-do-meio-ambiente-de-caseara\\\/#breadcrumb\",\"itemListElement\":[{\"@type\":\"ListItem\",\"position\":1,\"name\":\"Home\",\"item\":\"https:\\\/\\\/www.black-jaguar.org\\\/pt-br\\\/\"},{\"@type\":\"ListItem\",\"position\":2,\"name\":\"Conhe\u00e7a Paulo Ferreira, o Secret\u00e1rio do Meio Ambiente de Caseara\"}]},{\"@type\":\"WebSite\",\"@id\":\"https:\\\/\\\/www.black-jaguar.org\\\/pt-br\\\/#website\",\"url\":\"https:\\\/\\\/www.black-jaguar.org\\\/pt-br\\\/\",\"name\":\"Black Jaguar Foundation\",\"description\":\"realising the largest biodiversity corridor on earth\",\"publisher\":{\"@id\":\"https:\\\/\\\/www.black-jaguar.org\\\/pt-br\\\/#organization\"},\"potentialAction\":[{\"@type\":\"SearchAction\",\"target\":{\"@type\":\"EntryPoint\",\"urlTemplate\":\"https:\\\/\\\/www.black-jaguar.org\\\/pt-br\\\/?s={search_term_string}\"},\"query-input\":{\"@type\":\"PropertyValueSpecification\",\"valueRequired\":true,\"valueName\":\"search_term_string\"}}],\"inLanguage\":\"pt-BR\"},{\"@type\":\"Organization\",\"@id\":\"https:\\\/\\\/www.black-jaguar.org\\\/pt-br\\\/#organization\",\"name\":\"Black Jaguar Foundation\",\"url\":\"https:\\\/\\\/www.black-jaguar.org\\\/pt-br\\\/\",\"logo\":{\"@type\":\"ImageObject\",\"inLanguage\":\"pt-BR\",\"@id\":\"https:\\\/\\\/www.black-jaguar.org\\\/pt-br\\\/#\\\/schema\\\/logo\\\/image\\\/\",\"url\":\"https:\\\/\\\/www.black-jaguar.org\\\/wp-content\\\/uploads\\\/2021\\\/07\\\/2.-PNG_BJF_LOGO_21_April_2020-1.png\",\"contentUrl\":\"https:\\\/\\\/www.black-jaguar.org\\\/wp-content\\\/uploads\\\/2021\\\/07\\\/2.-PNG_BJF_LOGO_21_April_2020-1.png\",\"width\":519,\"height\":537,\"caption\":\"Black Jaguar Foundation\"},\"image\":{\"@id\":\"https:\\\/\\\/www.black-jaguar.org\\\/pt-br\\\/#\\\/schema\\\/logo\\\/image\\\/\"}},{\"@type\":\"Person\",\"@id\":\"https:\\\/\\\/www.black-jaguar.org\\\/pt-br\\\/#\\\/schema\\\/person\\\/43acb7d2518ac24737cf8f27d3f3278a\",\"name\":\"Julia Silveira\",\"image\":{\"@type\":\"ImageObject\",\"inLanguage\":\"pt-BR\",\"@id\":\"https:\\\/\\\/secure.gravatar.com\\\/avatar\\\/0c0baa3a335f0f41c172edd1ee6ccc8848818acaa876c7b4d2c57cbe5c1671b5?s=96&d=mm&r=g\",\"url\":\"https:\\\/\\\/secure.gravatar.com\\\/avatar\\\/0c0baa3a335f0f41c172edd1ee6ccc8848818acaa876c7b4d2c57cbe5c1671b5?s=96&d=mm&r=g\",\"contentUrl\":\"https:\\\/\\\/secure.gravatar.com\\\/avatar\\\/0c0baa3a335f0f41c172edd1ee6ccc8848818acaa876c7b4d2c57cbe5c1671b5?s=96&d=mm&r=g\",\"caption\":\"Julia Silveira\"},\"url\":\"https:\\\/\\\/www.black-jaguar.org\\\/pt-br\\\/author\\\/julia-silveira\\\/\"}]}<\/script>\n<!-- \/ Yoast SEO plugin. -->","yoast_head_json":{"title":"Conhe\u00e7a Paulo Ferreira, o Secret\u00e1rio do Meio Ambiente de Caseara - Black Jaguar Foundation","robots":{"index":"index","follow":"follow","max-snippet":"max-snippet:-1","max-image-preview":"max-image-preview:large","max-video-preview":"max-video-preview:-1"},"canonical":"https:\/\/www.black-jaguar.org\/pt-br\/conheca-paulo-ferreira-o-secretario-do-meio-ambiente-de-caseara\/","og_locale":"pt_BR","og_type":"article","og_title":"Conhe\u00e7a Paulo Ferreira, o Secret\u00e1rio do Meio Ambiente de Caseara - Black Jaguar Foundation","og_description":"[vc_row type=&#8221;in_container&#8221; full_screen_row_position=&#8221;middle&#8221; column_margin=&#8221;default&#8221; column_direction=&#8221;default&#8221; column_direction_tablet=&#8221;default&#8221; column_direction_phone=&#8221;default&#8221; scene_position=&#8221;center&#8221; text_color=&#8221;dark&#8221; text_align=&#8221;left&#8221; row_border_radius=&#8221;none&#8221; row_border_radius_applies=&#8221;bg&#8221; overflow=&#8221;visible&#8221; overlay_strength=&#8221;0.3&#8243; gradient_direction=&#8221;left_to_right&#8221; shape_divider_position=&#8221;bottom&#8221; bg_image_animation=&#8221;none&#8221;][vc_column column_padding=&#8221;no-extra-padding&#8221; column_padding_tablet=&#8221;inherit&#8221; column_padding_phone=&#8221;inherit&#8221; column_padding_position=&#8221;all&#8221; column_element_spacing=&#8221;default&#8221; background_color_opacity=&#8221;1&#8243; background_hover_color_opacity=&#8221;1&#8243; column_shadow=&#8221;none&#8221; column_border_radius=&#8221;none&#8221; column_link_target=&#8221;_self&#8221; column_position=&#8221;default&#8221; gradient_direction=&#8221;left_to_right&#8221; overlay_strength=&#8221;0.3&#8243;...","og_url":"https:\/\/www.black-jaguar.org\/pt-br\/conheca-paulo-ferreira-o-secretario-do-meio-ambiente-de-caseara\/","og_site_name":"Black Jaguar Foundation","article_published_time":"2022-02-03T16:00:52+00:00","article_modified_time":"2022-02-10T15:31:03+00:00","og_image":[{"width":2324,"height":1282,"url":"https:\/\/www.black-jaguar.org\/wp-content\/uploads\/2022\/02\/paulo-feature.png","type":"image\/png"}],"author":"Julia Silveira","twitter_card":"summary_large_image","twitter_misc":{"Escrito por":"Julia Silveira","Est. tempo de leitura":"2 minutos"},"schema":{"@context":"https:\/\/schema.org","@graph":[{"@type":"Article","@id":"https:\/\/www.black-jaguar.org\/pt-br\/conheca-paulo-ferreira-o-secretario-do-meio-ambiente-de-caseara\/#article","isPartOf":{"@id":"https:\/\/www.black-jaguar.org\/pt-br\/conheca-paulo-ferreira-o-secretario-do-meio-ambiente-de-caseara\/"},"author":{"name":"Julia Silveira","@id":"https:\/\/www.black-jaguar.org\/pt-br\/#\/schema\/person\/43acb7d2518ac24737cf8f27d3f3278a"},"headline":"Conhe\u00e7a Paulo Ferreira, o Secret\u00e1rio do Meio Ambiente de Caseara","datePublished":"2022-02-03T16:00:52+00:00","dateModified":"2022-02-10T15:31:03+00:00","mainEntityOfPage":{"@id":"https:\/\/www.black-jaguar.org\/pt-br\/conheca-paulo-ferreira-o-secretario-do-meio-ambiente-de-caseara\/"},"wordCount":715,"publisher":{"@id":"https:\/\/www.black-jaguar.org\/pt-br\/#organization"},"image":{"@id":"https:\/\/www.black-jaguar.org\/pt-br\/conheca-paulo-ferreira-o-secretario-do-meio-ambiente-de-caseara\/#primaryimage"},"thumbnailUrl":"https:\/\/www.black-jaguar.org\/wp-content\/uploads\/2022\/02\/paulo-feature.png","articleSection":["N\u00e3o categorizado","News Home"],"inLanguage":"pt-BR"},{"@type":"WebPage","@id":"https:\/\/www.black-jaguar.org\/pt-br\/conheca-paulo-ferreira-o-secretario-do-meio-ambiente-de-caseara\/","url":"https:\/\/www.black-jaguar.org\/pt-br\/conheca-paulo-ferreira-o-secretario-do-meio-ambiente-de-caseara\/","name":"Conhe\u00e7a Paulo Ferreira, o Secret\u00e1rio do Meio Ambiente de Caseara - Black Jaguar Foundation","isPartOf":{"@id":"https:\/\/www.black-jaguar.org\/pt-br\/#website"},"primaryImageOfPage":{"@id":"https:\/\/www.black-jaguar.org\/pt-br\/conheca-paulo-ferreira-o-secretario-do-meio-ambiente-de-caseara\/#primaryimage"},"image":{"@id":"https:\/\/www.black-jaguar.org\/pt-br\/conheca-paulo-ferreira-o-secretario-do-meio-ambiente-de-caseara\/#primaryimage"},"thumbnailUrl":"https:\/\/www.black-jaguar.org\/wp-content\/uploads\/2022\/02\/paulo-feature.png","datePublished":"2022-02-03T16:00:52+00:00","dateModified":"2022-02-10T15:31:03+00:00","breadcrumb":{"@id":"https:\/\/www.black-jaguar.org\/pt-br\/conheca-paulo-ferreira-o-secretario-do-meio-ambiente-de-caseara\/#breadcrumb"},"inLanguage":"pt-BR","potentialAction":[{"@type":"ReadAction","target":["https:\/\/www.black-jaguar.org\/pt-br\/conheca-paulo-ferreira-o-secretario-do-meio-ambiente-de-caseara\/"]}]},{"@type":"ImageObject","inLanguage":"pt-BR","@id":"https:\/\/www.black-jaguar.org\/pt-br\/conheca-paulo-ferreira-o-secretario-do-meio-ambiente-de-caseara\/#primaryimage","url":"https:\/\/www.black-jaguar.org\/wp-content\/uploads\/2022\/02\/paulo-feature.png","contentUrl":"https:\/\/www.black-jaguar.org\/wp-content\/uploads\/2022\/02\/paulo-feature.png","width":2324,"height":1282},{"@type":"BreadcrumbList","@id":"https:\/\/www.black-jaguar.org\/pt-br\/conheca-paulo-ferreira-o-secretario-do-meio-ambiente-de-caseara\/#breadcrumb","itemListElement":[{"@type":"ListItem","position":1,"name":"Home","item":"https:\/\/www.black-jaguar.org\/pt-br\/"},{"@type":"ListItem","position":2,"name":"Conhe\u00e7a Paulo Ferreira, o Secret\u00e1rio do Meio Ambiente de Caseara"}]},{"@type":"WebSite","@id":"https:\/\/www.black-jaguar.org\/pt-br\/#website","url":"https:\/\/www.black-jaguar.org\/pt-br\/","name":"Black Jaguar Foundation","description":"realising the largest biodiversity corridor on earth","publisher":{"@id":"https:\/\/www.black-jaguar.org\/pt-br\/#organization"},"potentialAction":[{"@type":"SearchAction","target":{"@type":"EntryPoint","urlTemplate":"https:\/\/www.black-jaguar.org\/pt-br\/?s={search_term_string}"},"query-input":{"@type":"PropertyValueSpecification","valueRequired":true,"valueName":"search_term_string"}}],"inLanguage":"pt-BR"},{"@type":"Organization","@id":"https:\/\/www.black-jaguar.org\/pt-br\/#organization","name":"Black Jaguar Foundation","url":"https:\/\/www.black-jaguar.org\/pt-br\/","logo":{"@type":"ImageObject","inLanguage":"pt-BR","@id":"https:\/\/www.black-jaguar.org\/pt-br\/#\/schema\/logo\/image\/","url":"https:\/\/www.black-jaguar.org\/wp-content\/uploads\/2021\/07\/2.-PNG_BJF_LOGO_21_April_2020-1.png","contentUrl":"https:\/\/www.black-jaguar.org\/wp-content\/uploads\/2021\/07\/2.-PNG_BJF_LOGO_21_April_2020-1.png","width":519,"height":537,"caption":"Black Jaguar Foundation"},"image":{"@id":"https:\/\/www.black-jaguar.org\/pt-br\/#\/schema\/logo\/image\/"}},{"@type":"Person","@id":"https:\/\/www.black-jaguar.org\/pt-br\/#\/schema\/person\/43acb7d2518ac24737cf8f27d3f3278a","name":"Julia Silveira","image":{"@type":"ImageObject","inLanguage":"pt-BR","@id":"https:\/\/secure.gravatar.com\/avatar\/0c0baa3a335f0f41c172edd1ee6ccc8848818acaa876c7b4d2c57cbe5c1671b5?s=96&d=mm&r=g","url":"https:\/\/secure.gravatar.com\/avatar\/0c0baa3a335f0f41c172edd1ee6ccc8848818acaa876c7b4d2c57cbe5c1671b5?s=96&d=mm&r=g","contentUrl":"https:\/\/secure.gravatar.com\/avatar\/0c0baa3a335f0f41c172edd1ee6ccc8848818acaa876c7b4d2c57cbe5c1671b5?s=96&d=mm&r=g","caption":"Julia Silveira"},"url":"https:\/\/www.black-jaguar.org\/pt-br\/author\/julia-silveira\/"}]}},"_links":{"self":[{"href":"https:\/\/www.black-jaguar.org\/pt-br\/wp-json\/wp\/v2\/posts\/27585","targetHints":{"allow":["GET"]}}],"collection":[{"href":"https:\/\/www.black-jaguar.org\/pt-br\/wp-json\/wp\/v2\/posts"}],"about":[{"href":"https:\/\/www.black-jaguar.org\/pt-br\/wp-json\/wp\/v2\/types\/post"}],"author":[{"embeddable":true,"href":"https:\/\/www.black-jaguar.org\/pt-br\/wp-json\/wp\/v2\/users\/55"}],"replies":[{"embeddable":true,"href":"https:\/\/www.black-jaguar.org\/pt-br\/wp-json\/wp\/v2\/comments?post=27585"}],"version-history":[{"count":3,"href":"https:\/\/www.black-jaguar.org\/pt-br\/wp-json\/wp\/v2\/posts\/27585\/revisions"}],"predecessor-version":[{"id":27678,"href":"https:\/\/www.black-jaguar.org\/pt-br\/wp-json\/wp\/v2\/posts\/27585\/revisions\/27678"}],"wp:featuredmedia":[{"embeddable":true,"href":"https:\/\/www.black-jaguar.org\/pt-br\/wp-json\/wp\/v2\/media\/27641"}],"wp:attachment":[{"href":"https:\/\/www.black-jaguar.org\/pt-br\/wp-json\/wp\/v2\/media?parent=27585"}],"wp:term":[{"taxonomy":"category","embeddable":true,"href":"https:\/\/www.black-jaguar.org\/pt-br\/wp-json\/wp\/v2\/categories?post=27585"},{"taxonomy":"post_tag","embeddable":true,"href":"https:\/\/www.black-jaguar.org\/pt-br\/wp-json\/wp\/v2\/tags?post=27585"}],"curies":[{"name":"wp","href":"https:\/\/api.w.org\/{rel}","templated":true}]}}