{"id":19664,"date":"2020-07-13T14:17:49","date_gmt":"2020-07-13T12:17:49","guid":{"rendered":"https:\/\/www.black-jaguar.org\/the-bjf-go-on-virtual-retreat\/"},"modified":"2022-01-28T12:17:28","modified_gmt":"2022-01-28T10:17:28","slug":"a-bjf-faz-retiro-virtual","status":"publish","type":"post","link":"https:\/\/www.black-jaguar.org\/pt-br\/a-bjf-faz-retiro-virtual\/","title":{"rendered":"A BJF faz retiro virtual"},"content":{"rendered":"[vc_row type=&#8221;in_container&#8221; full_screen_row_position=&#8221;middle&#8221; scene_position=&#8221;center&#8221; text_color=&#8221;dark&#8221; text_align=&#8221;left&#8221; overlay_strength=&#8221;0.3&#8243;][vc_column column_padding=&#8221;no-extra-padding&#8221; column_padding_position=&#8221;all&#8221; background_color_opacity=&#8221;1&#8243; background_hover_color_opacity=&#8221;1&#8243; column_shadow=&#8221;none&#8221; width=&#8221;1\/1&#8243; tablet_text_alignment=&#8221;default&#8221; phone_text_alignment=&#8221;default&#8221; column_border_width=&#8221;none&#8221; column_border_style=&#8221;solid&#8221;][divider line_type=&#8221;No Line&#8221;][vc_column_text]No m\u00eas passado, a equipe da Funda\u00e7\u00e3o Black Jaguar precisou de um tempo para acalmar a mente. Depois de trabalhar tanto para o planeta, vimos a Covid-19 tomando espa\u00e7o em nossos hor\u00e1rios e consideramos isto uma oportunidade de refletir e nos reequilibrar.<\/p>\n<p>Esse foi realmente um retiro online global, com membros da equipe do Brasil, Dinamarca, Inglaterra, Fran\u00e7a, Rom\u00eania, Esc\u00f3cia, Su\u00ed\u00e7a e Holanda, muitos dos quais nunca haviam participado de um retiro antes.[\/vc_column_text][divider line_type=&#8221;No Line&#8221;][image_with_animation image_url=&#8221;19603&#8243; alignment=&#8221;center&#8221; animation=&#8221;Fade In&#8221; box_shadow=&#8221;none&#8221; max_width=&#8221;100%&#8221;][divider line_type=&#8221;No Line&#8221;][vc_column_text]Fomos alegremente conduzidos por uma semana de aulas de re-energiza\u00e7\u00e3o pela maravilhosa Ingrid Valks, fundadora do \u201cThe power of time off\u201d. Como sabemos, a floresta nunca dorme, de modo que esse tempo livre foi mesclado com o tempo ativo.<\/p>\n<p>Mesmo assim, como equipe, emergimos do retiro com um novo respeito pela dedica\u00e7\u00e3o de algum tempo para dar um passo atr\u00e1s e considerar as a\u00e7\u00f5es que nos ajudar\u00e3o a seguir adiante na nossa miss\u00e3o de reflorestamento e na vida!<\/p>\n<p>Os resultados e o feedback que tivemos mostraram que toda nossa equipe se sentia mais consciente e mais conectada. Quase todos sentimos que t\u00ednhamos aprendido novas percep\u00e7\u00f5es, t\u00e9cnicas e exerc\u00edcios para integrar \u00e0 vida di\u00e1ria, de modo a facilitar o descanso e o relaxamento.<\/p>\n<p>Al\u00e9m disso, tamb\u00e9m observamos um aumento da concentra\u00e7\u00e3o e capacidade de gerenciar o estresse, entre tantos outros impactos. Nossa equipe global principal agora est\u00e1 com energia renovada e pronta para enfrentar os pr\u00f3ximos desafios!<\/p>\n<p>Leia mais sobre nossa semana de retiro e &#8220;the Power of Time Off&#8221; <a href=\"https:\/\/thepoweroftimeoff.com\/stories\/ben-valks\/\">aqui&#8230;<\/a>[\/vc_column_text][divider line_type=&#8221;No Line&#8221;][vc_column_text]\n<blockquote class=\"embedly-card\">\n<h4><a href=\"https:\/\/thepoweroftimeoff.com\/stories\/ben-valks\/\">Online retreats with childcare organization Op Stoom and with the Black Jaguar Foundation &#8211; the power of time off<\/a><\/h4>\n<p>Thanks to Covid-19 we designed an online retreat to reset, rebalance and re-energize. No pre-produced videos but live stream experiences with impact including space for personal guidance. We never thought of producing a retreat online. But it worked! Here you can read some personal stories from the online retreat participants in May and June this &#8230;<\/p><\/blockquote>\n<p><script async src=\"\/\/cdn.embedly.com\/widgets\/platform.js\" charset=\"UTF-8\"><\/script>[\/vc_column_text][\/vc_column][\/vc_row]\n","protected":false},"excerpt":{"rendered":"<p>[vc_row type=&#8221;in_container&#8221; full_screen_row_position=&#8221;middle&#8221; scene_position=&#8221;center&#8221; text_color=&#8221;dark&#8221; text_align=&#8221;left&#8221; overlay_strength=&#8221;0.3&#8243;][vc_column column_padding=&#8221;no-extra-padding&#8221; column_padding_position=&#8221;all&#8221; background_color_opacity=&#8221;1&#8243; background_hover_color_opacity=&#8221;1&#8243; column_shadow=&#8221;none&#8221; width=&#8221;1\/1&#8243; tablet_text_alignment=&#8221;default&#8221; phone_text_alignment=&#8221;default&#8221; column_border_width=&#8221;none&#8221; column_border_style=&#8221;solid&#8221;][divider line_type=&#8221;No Line&#8221;][vc_column_text]No m\u00eas passado, a equipe da Funda\u00e7\u00e3o Black Jaguar precisou de um&#8230;<\/p>\n","protected":false},"author":57,"featured_media":19654,"comment_status":"closed","ping_status":"closed","sticky":false,"template":"","format":"standard","meta":{"footnotes":""},"categories":[37],"tags":[],"class_list":{"0":"post-19664","1":"post","2":"type-post","3":"status-publish","4":"format-standard","5":"has-post-thumbnail","7":"category-news-home"},"yoast_head":"<!-- This site is optimized with the Yoast SEO plugin v27.5 - https:\/\/yoast.com\/product\/yoast-seo-wordpress\/ -->\n<title>A BJF faz retiro virtual - Black Jaguar Foundation<\/title>\n<meta name=\"robots\" content=\"index, follow, max-snippet:-1, max-image-preview:large, max-video-preview:-1\" \/>\n<link rel=\"canonical\" href=\"https:\/\/www.black-jaguar.org\/pt-br\/a-bjf-faz-retiro-virtual\/\" \/>\n<meta property=\"og:locale\" content=\"pt_BR\" \/>\n<meta property=\"og:type\" content=\"article\" \/>\n<meta property=\"og:title\" content=\"A BJF faz retiro virtual - Black Jaguar Foundation\" \/>\n<meta property=\"og:description\" content=\"[vc_row type=&#8221;in_container&#8221; full_screen_row_position=&#8221;middle&#8221; scene_position=&#8221;center&#8221; text_color=&#8221;dark&#8221; text_align=&#8221;left&#8221; overlay_strength=&#8221;0.3&#8243;][vc_column column_padding=&#8221;no-extra-padding&#8221; column_padding_position=&#8221;all&#8221; background_color_opacity=&#8221;1&#8243; background_hover_color_opacity=&#8221;1&#8243; column_shadow=&#8221;none&#8221; width=&#8221;1\/1&#8243; tablet_text_alignment=&#8221;default&#8221; phone_text_alignment=&#8221;default&#8221; column_border_width=&#8221;none&#8221; column_border_style=&#8221;solid&#8221;][divider line_type=&#8221;No Line&#8221;][vc_column_text]No m\u00eas passado, a equipe da Funda\u00e7\u00e3o Black Jaguar precisou de um...\" \/>\n<meta property=\"og:url\" content=\"https:\/\/www.black-jaguar.org\/pt-br\/a-bjf-faz-retiro-virtual\/\" \/>\n<meta property=\"og:site_name\" content=\"Black Jaguar Foundation\" \/>\n<meta property=\"article:published_time\" content=\"2020-07-13T12:17:49+00:00\" \/>\n<meta property=\"article:modified_time\" content=\"2022-01-28T10:17:28+00:00\" \/>\n<meta property=\"og:image\" content=\"https:\/\/www.black-jaguar.org\/wp-content\/uploads\/2020\/07\/Power_ofTO_feature.jpg\" \/>\n\t<meta property=\"og:image:width\" content=\"800\" \/>\n\t<meta property=\"og:image:height\" content=\"534\" \/>\n\t<meta property=\"og:image:type\" content=\"image\/jpeg\" \/>\n<meta name=\"author\" content=\"Ana Paula Mendes\" \/>\n<meta name=\"twitter:card\" content=\"summary_large_image\" \/>\n<meta name=\"twitter:label1\" content=\"Escrito por\" \/>\n\t<meta name=\"twitter:data1\" content=\"Ana Paula Mendes\" \/>\n\t<meta name=\"twitter:label2\" content=\"Est. tempo de leitura\" \/>\n\t<meta name=\"twitter:data2\" content=\"2 minutos\" \/>\n<script type=\"application\/ld+json\" class=\"yoast-schema-graph\">{\"@context\":\"https:\\\/\\\/schema.org\",\"@graph\":[{\"@type\":\"Article\",\"@id\":\"https:\\\/\\\/www.black-jaguar.org\\\/pt-br\\\/a-bjf-faz-retiro-virtual\\\/#article\",\"isPartOf\":{\"@id\":\"https:\\\/\\\/www.black-jaguar.org\\\/pt-br\\\/a-bjf-faz-retiro-virtual\\\/\"},\"author\":{\"name\":\"Ana Paula Mendes\",\"@id\":\"https:\\\/\\\/www.black-jaguar.org\\\/pt-br\\\/#\\\/schema\\\/person\\\/c3bb0ccb39c1d5102f2fbff235906901\"},\"headline\":\"A BJF faz retiro virtual\",\"datePublished\":\"2020-07-13T12:17:49+00:00\",\"dateModified\":\"2022-01-28T10:17:28+00:00\",\"mainEntityOfPage\":{\"@id\":\"https:\\\/\\\/www.black-jaguar.org\\\/pt-br\\\/a-bjf-faz-retiro-virtual\\\/\"},\"wordCount\":458,\"publisher\":{\"@id\":\"https:\\\/\\\/www.black-jaguar.org\\\/pt-br\\\/#organization\"},\"image\":{\"@id\":\"https:\\\/\\\/www.black-jaguar.org\\\/pt-br\\\/a-bjf-faz-retiro-virtual\\\/#primaryimage\"},\"thumbnailUrl\":\"https:\\\/\\\/www.black-jaguar.org\\\/wp-content\\\/uploads\\\/2020\\\/07\\\/Power_ofTO_feature.jpg\",\"articleSection\":[\"News Home\"],\"inLanguage\":\"pt-BR\"},{\"@type\":\"WebPage\",\"@id\":\"https:\\\/\\\/www.black-jaguar.org\\\/pt-br\\\/a-bjf-faz-retiro-virtual\\\/\",\"url\":\"https:\\\/\\\/www.black-jaguar.org\\\/pt-br\\\/a-bjf-faz-retiro-virtual\\\/\",\"name\":\"A BJF faz retiro virtual - Black Jaguar Foundation\",\"isPartOf\":{\"@id\":\"https:\\\/\\\/www.black-jaguar.org\\\/pt-br\\\/#website\"},\"primaryImageOfPage\":{\"@id\":\"https:\\\/\\\/www.black-jaguar.org\\\/pt-br\\\/a-bjf-faz-retiro-virtual\\\/#primaryimage\"},\"image\":{\"@id\":\"https:\\\/\\\/www.black-jaguar.org\\\/pt-br\\\/a-bjf-faz-retiro-virtual\\\/#primaryimage\"},\"thumbnailUrl\":\"https:\\\/\\\/www.black-jaguar.org\\\/wp-content\\\/uploads\\\/2020\\\/07\\\/Power_ofTO_feature.jpg\",\"datePublished\":\"2020-07-13T12:17:49+00:00\",\"dateModified\":\"2022-01-28T10:17:28+00:00\",\"breadcrumb\":{\"@id\":\"https:\\\/\\\/www.black-jaguar.org\\\/pt-br\\\/a-bjf-faz-retiro-virtual\\\/#breadcrumb\"},\"inLanguage\":\"pt-BR\",\"potentialAction\":[{\"@type\":\"ReadAction\",\"target\":[\"https:\\\/\\\/www.black-jaguar.org\\\/pt-br\\\/a-bjf-faz-retiro-virtual\\\/\"]}]},{\"@type\":\"ImageObject\",\"inLanguage\":\"pt-BR\",\"@id\":\"https:\\\/\\\/www.black-jaguar.org\\\/pt-br\\\/a-bjf-faz-retiro-virtual\\\/#primaryimage\",\"url\":\"https:\\\/\\\/www.black-jaguar.org\\\/wp-content\\\/uploads\\\/2020\\\/07\\\/Power_ofTO_feature.jpg\",\"contentUrl\":\"https:\\\/\\\/www.black-jaguar.org\\\/wp-content\\\/uploads\\\/2020\\\/07\\\/Power_ofTO_feature.jpg\",\"width\":800,\"height\":534},{\"@type\":\"BreadcrumbList\",\"@id\":\"https:\\\/\\\/www.black-jaguar.org\\\/pt-br\\\/a-bjf-faz-retiro-virtual\\\/#breadcrumb\",\"itemListElement\":[{\"@type\":\"ListItem\",\"position\":1,\"name\":\"Home\",\"item\":\"https:\\\/\\\/www.black-jaguar.org\\\/pt-br\\\/\"},{\"@type\":\"ListItem\",\"position\":2,\"name\":\"A BJF faz retiro virtual\"}]},{\"@type\":\"WebSite\",\"@id\":\"https:\\\/\\\/www.black-jaguar.org\\\/pt-br\\\/#website\",\"url\":\"https:\\\/\\\/www.black-jaguar.org\\\/pt-br\\\/\",\"name\":\"Black Jaguar Foundation\",\"description\":\"realising the largest biodiversity corridor on earth\",\"publisher\":{\"@id\":\"https:\\\/\\\/www.black-jaguar.org\\\/pt-br\\\/#organization\"},\"potentialAction\":[{\"@type\":\"SearchAction\",\"target\":{\"@type\":\"EntryPoint\",\"urlTemplate\":\"https:\\\/\\\/www.black-jaguar.org\\\/pt-br\\\/?s={search_term_string}\"},\"query-input\":{\"@type\":\"PropertyValueSpecification\",\"valueRequired\":true,\"valueName\":\"search_term_string\"}}],\"inLanguage\":\"pt-BR\"},{\"@type\":\"Organization\",\"@id\":\"https:\\\/\\\/www.black-jaguar.org\\\/pt-br\\\/#organization\",\"name\":\"Black Jaguar Foundation\",\"url\":\"https:\\\/\\\/www.black-jaguar.org\\\/pt-br\\\/\",\"logo\":{\"@type\":\"ImageObject\",\"inLanguage\":\"pt-BR\",\"@id\":\"https:\\\/\\\/www.black-jaguar.org\\\/pt-br\\\/#\\\/schema\\\/logo\\\/image\\\/\",\"url\":\"https:\\\/\\\/www.black-jaguar.org\\\/wp-content\\\/uploads\\\/2021\\\/07\\\/2.-PNG_BJF_LOGO_21_April_2020-1.png\",\"contentUrl\":\"https:\\\/\\\/www.black-jaguar.org\\\/wp-content\\\/uploads\\\/2021\\\/07\\\/2.-PNG_BJF_LOGO_21_April_2020-1.png\",\"width\":519,\"height\":537,\"caption\":\"Black Jaguar Foundation\"},\"image\":{\"@id\":\"https:\\\/\\\/www.black-jaguar.org\\\/pt-br\\\/#\\\/schema\\\/logo\\\/image\\\/\"}},{\"@type\":\"Person\",\"@id\":\"https:\\\/\\\/www.black-jaguar.org\\\/pt-br\\\/#\\\/schema\\\/person\\\/c3bb0ccb39c1d5102f2fbff235906901\",\"name\":\"Ana Paula Mendes\",\"image\":{\"@type\":\"ImageObject\",\"inLanguage\":\"pt-BR\",\"@id\":\"https:\\\/\\\/secure.gravatar.com\\\/avatar\\\/239f795260150786312c9ada87e81ff94fa5ce3a9faa02189d7db665b164497e?s=96&d=mm&r=g\",\"url\":\"https:\\\/\\\/secure.gravatar.com\\\/avatar\\\/239f795260150786312c9ada87e81ff94fa5ce3a9faa02189d7db665b164497e?s=96&d=mm&r=g\",\"contentUrl\":\"https:\\\/\\\/secure.gravatar.com\\\/avatar\\\/239f795260150786312c9ada87e81ff94fa5ce3a9faa02189d7db665b164497e?s=96&d=mm&r=g\",\"caption\":\"Ana Paula Mendes\"},\"url\":\"https:\\\/\\\/www.black-jaguar.org\\\/pt-br\\\/author\\\/a-mendesblack-jaguar-org\\\/\"}]}<\/script>\n<!-- \/ Yoast SEO plugin. -->","yoast_head_json":{"title":"A BJF faz retiro virtual - Black Jaguar Foundation","robots":{"index":"index","follow":"follow","max-snippet":"max-snippet:-1","max-image-preview":"max-image-preview:large","max-video-preview":"max-video-preview:-1"},"canonical":"https:\/\/www.black-jaguar.org\/pt-br\/a-bjf-faz-retiro-virtual\/","og_locale":"pt_BR","og_type":"article","og_title":"A BJF faz retiro virtual - Black Jaguar Foundation","og_description":"[vc_row type=&#8221;in_container&#8221; full_screen_row_position=&#8221;middle&#8221; scene_position=&#8221;center&#8221; text_color=&#8221;dark&#8221; text_align=&#8221;left&#8221; overlay_strength=&#8221;0.3&#8243;][vc_column column_padding=&#8221;no-extra-padding&#8221; column_padding_position=&#8221;all&#8221; background_color_opacity=&#8221;1&#8243; background_hover_color_opacity=&#8221;1&#8243; column_shadow=&#8221;none&#8221; width=&#8221;1\/1&#8243; tablet_text_alignment=&#8221;default&#8221; phone_text_alignment=&#8221;default&#8221; column_border_width=&#8221;none&#8221; column_border_style=&#8221;solid&#8221;][divider line_type=&#8221;No Line&#8221;][vc_column_text]No m\u00eas passado, a equipe da Funda\u00e7\u00e3o Black Jaguar precisou de um...","og_url":"https:\/\/www.black-jaguar.org\/pt-br\/a-bjf-faz-retiro-virtual\/","og_site_name":"Black Jaguar Foundation","article_published_time":"2020-07-13T12:17:49+00:00","article_modified_time":"2022-01-28T10:17:28+00:00","og_image":[{"width":800,"height":534,"url":"https:\/\/www.black-jaguar.org\/wp-content\/uploads\/2020\/07\/Power_ofTO_feature.jpg","type":"image\/jpeg"}],"author":"Ana Paula Mendes","twitter_card":"summary_large_image","twitter_misc":{"Escrito por":"Ana Paula Mendes","Est. tempo de leitura":"2 minutos"},"schema":{"@context":"https:\/\/schema.org","@graph":[{"@type":"Article","@id":"https:\/\/www.black-jaguar.org\/pt-br\/a-bjf-faz-retiro-virtual\/#article","isPartOf":{"@id":"https:\/\/www.black-jaguar.org\/pt-br\/a-bjf-faz-retiro-virtual\/"},"author":{"name":"Ana Paula Mendes","@id":"https:\/\/www.black-jaguar.org\/pt-br\/#\/schema\/person\/c3bb0ccb39c1d5102f2fbff235906901"},"headline":"A BJF faz retiro virtual","datePublished":"2020-07-13T12:17:49+00:00","dateModified":"2022-01-28T10:17:28+00:00","mainEntityOfPage":{"@id":"https:\/\/www.black-jaguar.org\/pt-br\/a-bjf-faz-retiro-virtual\/"},"wordCount":458,"publisher":{"@id":"https:\/\/www.black-jaguar.org\/pt-br\/#organization"},"image":{"@id":"https:\/\/www.black-jaguar.org\/pt-br\/a-bjf-faz-retiro-virtual\/#primaryimage"},"thumbnailUrl":"https:\/\/www.black-jaguar.org\/wp-content\/uploads\/2020\/07\/Power_ofTO_feature.jpg","articleSection":["News Home"],"inLanguage":"pt-BR"},{"@type":"WebPage","@id":"https:\/\/www.black-jaguar.org\/pt-br\/a-bjf-faz-retiro-virtual\/","url":"https:\/\/www.black-jaguar.org\/pt-br\/a-bjf-faz-retiro-virtual\/","name":"A BJF faz retiro virtual - Black Jaguar Foundation","isPartOf":{"@id":"https:\/\/www.black-jaguar.org\/pt-br\/#website"},"primaryImageOfPage":{"@id":"https:\/\/www.black-jaguar.org\/pt-br\/a-bjf-faz-retiro-virtual\/#primaryimage"},"image":{"@id":"https:\/\/www.black-jaguar.org\/pt-br\/a-bjf-faz-retiro-virtual\/#primaryimage"},"thumbnailUrl":"https:\/\/www.black-jaguar.org\/wp-content\/uploads\/2020\/07\/Power_ofTO_feature.jpg","datePublished":"2020-07-13T12:17:49+00:00","dateModified":"2022-01-28T10:17:28+00:00","breadcrumb":{"@id":"https:\/\/www.black-jaguar.org\/pt-br\/a-bjf-faz-retiro-virtual\/#breadcrumb"},"inLanguage":"pt-BR","potentialAction":[{"@type":"ReadAction","target":["https:\/\/www.black-jaguar.org\/pt-br\/a-bjf-faz-retiro-virtual\/"]}]},{"@type":"ImageObject","inLanguage":"pt-BR","@id":"https:\/\/www.black-jaguar.org\/pt-br\/a-bjf-faz-retiro-virtual\/#primaryimage","url":"https:\/\/www.black-jaguar.org\/wp-content\/uploads\/2020\/07\/Power_ofTO_feature.jpg","contentUrl":"https:\/\/www.black-jaguar.org\/wp-content\/uploads\/2020\/07\/Power_ofTO_feature.jpg","width":800,"height":534},{"@type":"BreadcrumbList","@id":"https:\/\/www.black-jaguar.org\/pt-br\/a-bjf-faz-retiro-virtual\/#breadcrumb","itemListElement":[{"@type":"ListItem","position":1,"name":"Home","item":"https:\/\/www.black-jaguar.org\/pt-br\/"},{"@type":"ListItem","position":2,"name":"A BJF faz retiro virtual"}]},{"@type":"WebSite","@id":"https:\/\/www.black-jaguar.org\/pt-br\/#website","url":"https:\/\/www.black-jaguar.org\/pt-br\/","name":"Black Jaguar Foundation","description":"realising the largest biodiversity corridor on earth","publisher":{"@id":"https:\/\/www.black-jaguar.org\/pt-br\/#organization"},"potentialAction":[{"@type":"SearchAction","target":{"@type":"EntryPoint","urlTemplate":"https:\/\/www.black-jaguar.org\/pt-br\/?s={search_term_string}"},"query-input":{"@type":"PropertyValueSpecification","valueRequired":true,"valueName":"search_term_string"}}],"inLanguage":"pt-BR"},{"@type":"Organization","@id":"https:\/\/www.black-jaguar.org\/pt-br\/#organization","name":"Black Jaguar Foundation","url":"https:\/\/www.black-jaguar.org\/pt-br\/","logo":{"@type":"ImageObject","inLanguage":"pt-BR","@id":"https:\/\/www.black-jaguar.org\/pt-br\/#\/schema\/logo\/image\/","url":"https:\/\/www.black-jaguar.org\/wp-content\/uploads\/2021\/07\/2.-PNG_BJF_LOGO_21_April_2020-1.png","contentUrl":"https:\/\/www.black-jaguar.org\/wp-content\/uploads\/2021\/07\/2.-PNG_BJF_LOGO_21_April_2020-1.png","width":519,"height":537,"caption":"Black Jaguar Foundation"},"image":{"@id":"https:\/\/www.black-jaguar.org\/pt-br\/#\/schema\/logo\/image\/"}},{"@type":"Person","@id":"https:\/\/www.black-jaguar.org\/pt-br\/#\/schema\/person\/c3bb0ccb39c1d5102f2fbff235906901","name":"Ana Paula Mendes","image":{"@type":"ImageObject","inLanguage":"pt-BR","@id":"https:\/\/secure.gravatar.com\/avatar\/239f795260150786312c9ada87e81ff94fa5ce3a9faa02189d7db665b164497e?s=96&d=mm&r=g","url":"https:\/\/secure.gravatar.com\/avatar\/239f795260150786312c9ada87e81ff94fa5ce3a9faa02189d7db665b164497e?s=96&d=mm&r=g","contentUrl":"https:\/\/secure.gravatar.com\/avatar\/239f795260150786312c9ada87e81ff94fa5ce3a9faa02189d7db665b164497e?s=96&d=mm&r=g","caption":"Ana Paula Mendes"},"url":"https:\/\/www.black-jaguar.org\/pt-br\/author\/a-mendesblack-jaguar-org\/"}]}},"_links":{"self":[{"href":"https:\/\/www.black-jaguar.org\/pt-br\/wp-json\/wp\/v2\/posts\/19664","targetHints":{"allow":["GET"]}}],"collection":[{"href":"https:\/\/www.black-jaguar.org\/pt-br\/wp-json\/wp\/v2\/posts"}],"about":[{"href":"https:\/\/www.black-jaguar.org\/pt-br\/wp-json\/wp\/v2\/types\/post"}],"author":[{"embeddable":true,"href":"https:\/\/www.black-jaguar.org\/pt-br\/wp-json\/wp\/v2\/users\/57"}],"replies":[{"embeddable":true,"href":"https:\/\/www.black-jaguar.org\/pt-br\/wp-json\/wp\/v2\/comments?post=19664"}],"version-history":[{"count":1,"href":"https:\/\/www.black-jaguar.org\/pt-br\/wp-json\/wp\/v2\/posts\/19664\/revisions"}],"predecessor-version":[{"id":27490,"href":"https:\/\/www.black-jaguar.org\/pt-br\/wp-json\/wp\/v2\/posts\/19664\/revisions\/27490"}],"wp:featuredmedia":[{"embeddable":true,"href":"https:\/\/www.black-jaguar.org\/pt-br\/wp-json\/wp\/v2\/media\/19654"}],"wp:attachment":[{"href":"https:\/\/www.black-jaguar.org\/pt-br\/wp-json\/wp\/v2\/media?parent=19664"}],"wp:term":[{"taxonomy":"category","embeddable":true,"href":"https:\/\/www.black-jaguar.org\/pt-br\/wp-json\/wp\/v2\/categories?post=19664"},{"taxonomy":"post_tag","embeddable":true,"href":"https:\/\/www.black-jaguar.org\/pt-br\/wp-json\/wp\/v2\/tags?post=19664"}],"curies":[{"name":"wp","href":"https:\/\/api.w.org\/{rel}","templated":true}]}}