{"id":16294,"date":"2019-08-23T11:28:40","date_gmt":"2019-08-23T09:28:40","guid":{"rendered":"https:\/\/www.black-jaguar.org\/hope-and-forest-fires\/"},"modified":"2022-02-11T16:26:32","modified_gmt":"2022-02-11T14:26:32","slug":"hope-and-forest-fires","status":"publish","type":"post","link":"https:\/\/www.black-jaguar.org\/pt-br\/hope-and-forest-fires\/","title":{"rendered":"UMA HIST\u00d3RIA DE ESPERAN\u00c7A ENQUANTO A AMAZ\u00d4NIA E O CERRADO EST\u00c3O QUEIMANDO"},"content":{"rendered":"[vc_row type=&#8221;in_container&#8221; full_screen_row_position=&#8221;middle&#8221; scene_position=&#8221;center&#8221; text_color=&#8221;dark&#8221; text_align=&#8221;left&#8221; overlay_strength=&#8221;0.3&#8243;][vc_column column_padding=&#8221;no-extra-padding&#8221; column_padding_position=&#8221;all&#8221; background_color_opacity=&#8221;1&#8243; background_hover_color_opacity=&#8221;1&#8243; column_shadow=&#8221;none&#8221; width=&#8221;1\/1&#8243; tablet_text_alignment=&#8221;default&#8221; phone_text_alignment=&#8221;default&#8221; column_border_width=&#8221;none&#8221; column_border_style=&#8221;solid&#8221;][vc_column_text]As not\u00edcias deste ano sobre as dram\u00e1ticas queimadas na floresta Amaz\u00f4nica e no Cerrado, no Brasil, est\u00e3o ganhando as primeiras p\u00e1ginas no mundo todo. A BJF est\u00e1 no topo dos desenvolvimentos. Ao menos a atual destrui\u00e7\u00e3o n\u00e3o acontece na regi\u00e3o do Corredor da Biodiversidade do Araguaia, e nem pr\u00f3ximo ao nosso s\u00edtio de recupera\u00e7\u00e3o florestal. As \u00e1reas mais afetadas pela destrui\u00e7\u00e3o s\u00e3o o sudoeste do Par\u00e1 e o estado de Rond\u00f4nia.<\/p>\n[\/vc_column_text][divider line_type=&#8221;No Line&#8221;][\/vc_column][\/vc_row][vc_row type=&#8221;in_container&#8221; full_screen_row_position=&#8221;middle&#8221; scene_position=&#8221;center&#8221; text_color=&#8221;dark&#8221; text_align=&#8221;left&#8221; overlay_strength=&#8221;0.3&#8243;][vc_column column_padding=&#8221;no-extra-padding&#8221; column_padding_position=&#8221;all&#8221; background_color_opacity=&#8221;1&#8243; background_hover_color_opacity=&#8221;1&#8243; column_shadow=&#8221;none&#8221; width=&#8221;1\/1&#8243; tablet_text_alignment=&#8221;default&#8221; phone_text_alignment=&#8221;default&#8221; column_border_width=&#8221;none&#8221; column_border_style=&#8221;solid&#8221;][image_with_animation image_url=&#8221;16175&#8243; alignment=&#8221;center&#8221; animation=&#8221;Fade In&#8221; box_shadow=&#8221;none&#8221; max_width=&#8221;100%&#8221;][divider line_type=&#8221;No Line&#8221;][\/vc_column][\/vc_row][vc_row type=&#8221;in_container&#8221; full_screen_row_position=&#8221;middle&#8221; scene_position=&#8221;center&#8221; text_color=&#8221;dark&#8221; text_align=&#8221;left&#8221; overlay_strength=&#8221;0.3&#8243;][vc_column column_padding=&#8221;no-extra-padding&#8221; column_padding_position=&#8221;all&#8221; background_color_opacity=&#8221;1&#8243; background_hover_color_opacity=&#8221;1&#8243; column_shadow=&#8221;none&#8221; width=&#8221;1\/1&#8243; tablet_text_alignment=&#8221;default&#8221; phone_text_alignment=&#8221;default&#8221; column_border_width=&#8221;none&#8221; column_border_style=&#8221;solid&#8221;][vc_column_text]\n<p class=\"p1\"><span class=\"s1\">As not\u00edcias dessas queimadas t\u00eam fortalecido a nossa determina\u00e7\u00e3o de plantar mais \u00e1rvores nativas e trabalhar mais duro para alcan\u00e7armos a nossa miss\u00e3o, trazer a vida de volta \u00e0s terras degradadas no cora\u00e7\u00e3o da Amaz\u00f4nia e do Cerrado!<\/span><\/p>\n<p class=\"p2\"><span class=\"s2\">Os governos ao redor do mundo mudam sempre com o passar dos anos. Mas n\u00f3s n\u00e3o mudaremos o nosso prop\u00f3sito e miss\u00e3o, e com o seu suporte expandiremos nosso trabalho de restaura\u00e7\u00e3o no solo. Estamos aqui para ficar! <\/span><\/p>\n<p><span class=\"s2\">Ontem uma plataforma global <span class=\"s3\"><i><span style=\"color: #008000;\">\u201cFight for Amazon\u201d (Lute pela Amaz\u00f4nia)<\/span><\/i><\/span><span style=\"color: #008000;\"> <\/span>foi anunciada pela <i>WeLight<\/i>e a BJF foi escolhida como um dos parceiros sem fins lucrativos para a campanha. \u00c9 realmente maravilhoso! N\u00f3s temos tamb\u00e9m recebido muita aten\u00e7\u00e3o positiva nas redes sociais nos \u00faltimos dias.<\/span><\/p>\n<p><span class=\"s2\">Ainda somos 100% dependentes de doa\u00e7\u00f5es e contribui\u00e7\u00f5es de pessoas como voc\u00ea. Se voc\u00ea ainda n\u00e3o \u00e9 um doador ou parceiro da BJF, voc\u00ea pode <span style=\"color: #008000;\"><a style=\"color: #008000;\" href=\"https:\/\/www.black-jaguar.org\/donate\/\">se tornar<\/a><\/span> agora realizando a sua contribui\u00e7\u00e3o hoje! (Tradu\u00e7\u00e3o feita voluntariamente por Arthur Reis)<\/span>[\/vc_column_text][\/vc_column][\/vc_row]\n","protected":false},"excerpt":{"rendered":"<p>[vc_row type=&#8221;in_container&#8221; full_screen_row_position=&#8221;middle&#8221; scene_position=&#8221;center&#8221; text_color=&#8221;dark&#8221; text_align=&#8221;left&#8221; overlay_strength=&#8221;0.3&#8243;][vc_column column_padding=&#8221;no-extra-padding&#8221; column_padding_position=&#8221;all&#8221; background_color_opacity=&#8221;1&#8243; background_hover_color_opacity=&#8221;1&#8243; column_shadow=&#8221;none&#8221; width=&#8221;1\/1&#8243; tablet_text_alignment=&#8221;default&#8221; phone_text_alignment=&#8221;default&#8221; column_border_width=&#8221;none&#8221; column_border_style=&#8221;solid&#8221;][vc_column_text]As not\u00edcias deste ano sobre as dram\u00e1ticas queimadas na floresta Amaz\u00f4nica e no Cerrado,&#8230;<\/p>\n","protected":false},"author":33,"featured_media":16149,"comment_status":"closed","ping_status":"closed","sticky":false,"template":"","format":"standard","meta":{"footnotes":""},"categories":[82],"tags":[],"class_list":{"0":"post-16294","1":"post","2":"type-post","3":"status-publish","4":"format-standard","5":"has-post-thumbnail","7":"category-news-home-pt-br"},"yoast_head":"<!-- This site is optimized with the Yoast SEO plugin v27.4 - https:\/\/yoast.com\/product\/yoast-seo-wordpress\/ -->\n<title>UMA HIST\u00d3RIA DE ESPERAN\u00c7A ENQUANTO A AMAZ\u00d4NIA E O CERRADO EST\u00c3O QUEIMANDO - Black Jaguar Foundation<\/title>\n<meta name=\"robots\" content=\"index, follow, max-snippet:-1, max-image-preview:large, max-video-preview:-1\" \/>\n<link rel=\"canonical\" href=\"https:\/\/www.black-jaguar.org\/pt-br\/hope-and-forest-fires\/\" \/>\n<meta property=\"og:locale\" content=\"pt_BR\" \/>\n<meta property=\"og:type\" content=\"article\" \/>\n<meta property=\"og:title\" content=\"UMA HIST\u00d3RIA DE ESPERAN\u00c7A ENQUANTO A AMAZ\u00d4NIA E O CERRADO EST\u00c3O QUEIMANDO - Black Jaguar Foundation\" \/>\n<meta property=\"og:description\" content=\"[vc_row type=&#8221;in_container&#8221; full_screen_row_position=&#8221;middle&#8221; scene_position=&#8221;center&#8221; text_color=&#8221;dark&#8221; text_align=&#8221;left&#8221; overlay_strength=&#8221;0.3&#8243;][vc_column column_padding=&#8221;no-extra-padding&#8221; column_padding_position=&#8221;all&#8221; background_color_opacity=&#8221;1&#8243; background_hover_color_opacity=&#8221;1&#8243; column_shadow=&#8221;none&#8221; width=&#8221;1\/1&#8243; tablet_text_alignment=&#8221;default&#8221; phone_text_alignment=&#8221;default&#8221; column_border_width=&#8221;none&#8221; column_border_style=&#8221;solid&#8221;][vc_column_text]As not\u00edcias deste ano sobre as dram\u00e1ticas queimadas na floresta Amaz\u00f4nica e no Cerrado,...\" \/>\n<meta property=\"og:url\" content=\"https:\/\/www.black-jaguar.org\/pt-br\/hope-and-forest-fires\/\" \/>\n<meta property=\"og:site_name\" content=\"Black Jaguar Foundation\" \/>\n<meta property=\"article:published_time\" content=\"2019-08-23T09:28:40+00:00\" \/>\n<meta property=\"article:modified_time\" content=\"2022-02-11T14:26:32+00:00\" \/>\n<meta property=\"og:image\" content=\"https:\/\/www.black-jaguar.org\/wp-content\/uploads\/2019\/08\/WhatsApp-Image-2019-08-22-at-16.54.31.jpeg\" \/>\n\t<meta property=\"og:image:width\" content=\"890\" \/>\n\t<meta property=\"og:image:height\" content=\"719\" \/>\n\t<meta property=\"og:image:type\" content=\"image\/jpeg\" \/>\n<meta name=\"author\" content=\"Joel Boele\" \/>\n<meta name=\"twitter:card\" content=\"summary_large_image\" \/>\n<meta name=\"twitter:label1\" content=\"Escrito por\" \/>\n\t<meta name=\"twitter:data1\" content=\"Joel Boele\" \/>\n\t<meta name=\"twitter:label2\" content=\"Est. tempo de leitura\" \/>\n\t<meta name=\"twitter:data2\" content=\"2 minutos\" \/>\n<script type=\"application\/ld+json\" class=\"yoast-schema-graph\">{\"@context\":\"https:\\\/\\\/schema.org\",\"@graph\":[{\"@type\":\"Article\",\"@id\":\"https:\\\/\\\/www.black-jaguar.org\\\/pt-br\\\/hope-and-forest-fires\\\/#article\",\"isPartOf\":{\"@id\":\"https:\\\/\\\/www.black-jaguar.org\\\/pt-br\\\/hope-and-forest-fires\\\/\"},\"author\":{\"name\":\"Joel Boele\",\"@id\":\"https:\\\/\\\/www.black-jaguar.org\\\/pt-br\\\/#\\\/schema\\\/person\\\/b0deb6c19a6e1b6e5b0997ae6bc4eed2\"},\"headline\":\"UMA HIST\u00d3RIA DE ESPERAN\u00c7A ENQUANTO A AMAZ\u00d4NIA E O CERRADO EST\u00c3O QUEIMANDO\",\"datePublished\":\"2019-08-23T09:28:40+00:00\",\"dateModified\":\"2022-02-11T14:26:32+00:00\",\"mainEntityOfPage\":{\"@id\":\"https:\\\/\\\/www.black-jaguar.org\\\/pt-br\\\/hope-and-forest-fires\\\/\"},\"wordCount\":498,\"publisher\":{\"@id\":\"https:\\\/\\\/www.black-jaguar.org\\\/pt-br\\\/#organization\"},\"image\":{\"@id\":\"https:\\\/\\\/www.black-jaguar.org\\\/pt-br\\\/hope-and-forest-fires\\\/#primaryimage\"},\"thumbnailUrl\":\"https:\\\/\\\/www.black-jaguar.org\\\/wp-content\\\/uploads\\\/2019\\\/08\\\/WhatsApp-Image-2019-08-22-at-16.54.31.jpeg\",\"articleSection\":[\"News Home\"],\"inLanguage\":\"pt-BR\"},{\"@type\":\"WebPage\",\"@id\":\"https:\\\/\\\/www.black-jaguar.org\\\/pt-br\\\/hope-and-forest-fires\\\/\",\"url\":\"https:\\\/\\\/www.black-jaguar.org\\\/pt-br\\\/hope-and-forest-fires\\\/\",\"name\":\"UMA HIST\u00d3RIA DE ESPERAN\u00c7A ENQUANTO A AMAZ\u00d4NIA E O CERRADO EST\u00c3O QUEIMANDO - Black Jaguar Foundation\",\"isPartOf\":{\"@id\":\"https:\\\/\\\/www.black-jaguar.org\\\/pt-br\\\/#website\"},\"primaryImageOfPage\":{\"@id\":\"https:\\\/\\\/www.black-jaguar.org\\\/pt-br\\\/hope-and-forest-fires\\\/#primaryimage\"},\"image\":{\"@id\":\"https:\\\/\\\/www.black-jaguar.org\\\/pt-br\\\/hope-and-forest-fires\\\/#primaryimage\"},\"thumbnailUrl\":\"https:\\\/\\\/www.black-jaguar.org\\\/wp-content\\\/uploads\\\/2019\\\/08\\\/WhatsApp-Image-2019-08-22-at-16.54.31.jpeg\",\"datePublished\":\"2019-08-23T09:28:40+00:00\",\"dateModified\":\"2022-02-11T14:26:32+00:00\",\"breadcrumb\":{\"@id\":\"https:\\\/\\\/www.black-jaguar.org\\\/pt-br\\\/hope-and-forest-fires\\\/#breadcrumb\"},\"inLanguage\":\"pt-BR\",\"potentialAction\":[{\"@type\":\"ReadAction\",\"target\":[\"https:\\\/\\\/www.black-jaguar.org\\\/pt-br\\\/hope-and-forest-fires\\\/\"]}]},{\"@type\":\"ImageObject\",\"inLanguage\":\"pt-BR\",\"@id\":\"https:\\\/\\\/www.black-jaguar.org\\\/pt-br\\\/hope-and-forest-fires\\\/#primaryimage\",\"url\":\"https:\\\/\\\/www.black-jaguar.org\\\/wp-content\\\/uploads\\\/2019\\\/08\\\/WhatsApp-Image-2019-08-22-at-16.54.31.jpeg\",\"contentUrl\":\"https:\\\/\\\/www.black-jaguar.org\\\/wp-content\\\/uploads\\\/2019\\\/08\\\/WhatsApp-Image-2019-08-22-at-16.54.31.jpeg\",\"width\":890,\"height\":719},{\"@type\":\"BreadcrumbList\",\"@id\":\"https:\\\/\\\/www.black-jaguar.org\\\/pt-br\\\/hope-and-forest-fires\\\/#breadcrumb\",\"itemListElement\":[{\"@type\":\"ListItem\",\"position\":1,\"name\":\"Home\",\"item\":\"https:\\\/\\\/www.black-jaguar.org\\\/pt-br\\\/\"},{\"@type\":\"ListItem\",\"position\":2,\"name\":\"UMA HIST\u00d3RIA DE ESPERAN\u00c7A ENQUANTO A AMAZ\u00d4NIA E O CERRADO EST\u00c3O QUEIMANDO\"}]},{\"@type\":\"WebSite\",\"@id\":\"https:\\\/\\\/www.black-jaguar.org\\\/pt-br\\\/#website\",\"url\":\"https:\\\/\\\/www.black-jaguar.org\\\/pt-br\\\/\",\"name\":\"Black Jaguar Foundation\",\"description\":\"realising the largest biodiversity corridor on earth\",\"publisher\":{\"@id\":\"https:\\\/\\\/www.black-jaguar.org\\\/pt-br\\\/#organization\"},\"potentialAction\":[{\"@type\":\"SearchAction\",\"target\":{\"@type\":\"EntryPoint\",\"urlTemplate\":\"https:\\\/\\\/www.black-jaguar.org\\\/pt-br\\\/?s={search_term_string}\"},\"query-input\":{\"@type\":\"PropertyValueSpecification\",\"valueRequired\":true,\"valueName\":\"search_term_string\"}}],\"inLanguage\":\"pt-BR\"},{\"@type\":\"Organization\",\"@id\":\"https:\\\/\\\/www.black-jaguar.org\\\/pt-br\\\/#organization\",\"name\":\"Black Jaguar Foundation\",\"url\":\"https:\\\/\\\/www.black-jaguar.org\\\/pt-br\\\/\",\"logo\":{\"@type\":\"ImageObject\",\"inLanguage\":\"pt-BR\",\"@id\":\"https:\\\/\\\/www.black-jaguar.org\\\/pt-br\\\/#\\\/schema\\\/logo\\\/image\\\/\",\"url\":\"https:\\\/\\\/www.black-jaguar.org\\\/wp-content\\\/uploads\\\/2021\\\/07\\\/2.-PNG_BJF_LOGO_21_April_2020-1.png\",\"contentUrl\":\"https:\\\/\\\/www.black-jaguar.org\\\/wp-content\\\/uploads\\\/2021\\\/07\\\/2.-PNG_BJF_LOGO_21_April_2020-1.png\",\"width\":519,\"height\":537,\"caption\":\"Black Jaguar Foundation\"},\"image\":{\"@id\":\"https:\\\/\\\/www.black-jaguar.org\\\/pt-br\\\/#\\\/schema\\\/logo\\\/image\\\/\"}},{\"@type\":\"Person\",\"@id\":\"https:\\\/\\\/www.black-jaguar.org\\\/pt-br\\\/#\\\/schema\\\/person\\\/b0deb6c19a6e1b6e5b0997ae6bc4eed2\",\"name\":\"Joel Boele\",\"image\":{\"@type\":\"ImageObject\",\"inLanguage\":\"pt-BR\",\"@id\":\"https:\\\/\\\/secure.gravatar.com\\\/avatar\\\/641bd29f4f78f273565abc1af65a1ab3207242023214c92fbd894cc6bd5eaf43?s=96&d=mm&r=g\",\"url\":\"https:\\\/\\\/secure.gravatar.com\\\/avatar\\\/641bd29f4f78f273565abc1af65a1ab3207242023214c92fbd894cc6bd5eaf43?s=96&d=mm&r=g\",\"contentUrl\":\"https:\\\/\\\/secure.gravatar.com\\\/avatar\\\/641bd29f4f78f273565abc1af65a1ab3207242023214c92fbd894cc6bd5eaf43?s=96&d=mm&r=g\",\"caption\":\"Joel Boele\"},\"url\":\"https:\\\/\\\/www.black-jaguar.org\\\/pt-br\\\/author\\\/joel-boele\\\/\"}]}<\/script>\n<!-- \/ Yoast SEO plugin. -->","yoast_head_json":{"title":"UMA HIST\u00d3RIA DE ESPERAN\u00c7A ENQUANTO A AMAZ\u00d4NIA E O CERRADO EST\u00c3O QUEIMANDO - Black Jaguar Foundation","robots":{"index":"index","follow":"follow","max-snippet":"max-snippet:-1","max-image-preview":"max-image-preview:large","max-video-preview":"max-video-preview:-1"},"canonical":"https:\/\/www.black-jaguar.org\/pt-br\/hope-and-forest-fires\/","og_locale":"pt_BR","og_type":"article","og_title":"UMA HIST\u00d3RIA DE ESPERAN\u00c7A ENQUANTO A AMAZ\u00d4NIA E O CERRADO EST\u00c3O QUEIMANDO - Black Jaguar Foundation","og_description":"[vc_row type=&#8221;in_container&#8221; full_screen_row_position=&#8221;middle&#8221; scene_position=&#8221;center&#8221; text_color=&#8221;dark&#8221; text_align=&#8221;left&#8221; overlay_strength=&#8221;0.3&#8243;][vc_column column_padding=&#8221;no-extra-padding&#8221; column_padding_position=&#8221;all&#8221; background_color_opacity=&#8221;1&#8243; background_hover_color_opacity=&#8221;1&#8243; column_shadow=&#8221;none&#8221; width=&#8221;1\/1&#8243; tablet_text_alignment=&#8221;default&#8221; phone_text_alignment=&#8221;default&#8221; column_border_width=&#8221;none&#8221; column_border_style=&#8221;solid&#8221;][vc_column_text]As not\u00edcias deste ano sobre as dram\u00e1ticas queimadas na floresta Amaz\u00f4nica e no Cerrado,...","og_url":"https:\/\/www.black-jaguar.org\/pt-br\/hope-and-forest-fires\/","og_site_name":"Black Jaguar Foundation","article_published_time":"2019-08-23T09:28:40+00:00","article_modified_time":"2022-02-11T14:26:32+00:00","og_image":[{"width":890,"height":719,"url":"https:\/\/www.black-jaguar.org\/wp-content\/uploads\/2019\/08\/WhatsApp-Image-2019-08-22-at-16.54.31.jpeg","type":"image\/jpeg"}],"author":"Joel Boele","twitter_card":"summary_large_image","twitter_misc":{"Escrito por":"Joel Boele","Est. tempo de leitura":"2 minutos"},"schema":{"@context":"https:\/\/schema.org","@graph":[{"@type":"Article","@id":"https:\/\/www.black-jaguar.org\/pt-br\/hope-and-forest-fires\/#article","isPartOf":{"@id":"https:\/\/www.black-jaguar.org\/pt-br\/hope-and-forest-fires\/"},"author":{"name":"Joel Boele","@id":"https:\/\/www.black-jaguar.org\/pt-br\/#\/schema\/person\/b0deb6c19a6e1b6e5b0997ae6bc4eed2"},"headline":"UMA HIST\u00d3RIA DE ESPERAN\u00c7A ENQUANTO A AMAZ\u00d4NIA E O CERRADO EST\u00c3O QUEIMANDO","datePublished":"2019-08-23T09:28:40+00:00","dateModified":"2022-02-11T14:26:32+00:00","mainEntityOfPage":{"@id":"https:\/\/www.black-jaguar.org\/pt-br\/hope-and-forest-fires\/"},"wordCount":498,"publisher":{"@id":"https:\/\/www.black-jaguar.org\/pt-br\/#organization"},"image":{"@id":"https:\/\/www.black-jaguar.org\/pt-br\/hope-and-forest-fires\/#primaryimage"},"thumbnailUrl":"https:\/\/www.black-jaguar.org\/wp-content\/uploads\/2019\/08\/WhatsApp-Image-2019-08-22-at-16.54.31.jpeg","articleSection":["News Home"],"inLanguage":"pt-BR"},{"@type":"WebPage","@id":"https:\/\/www.black-jaguar.org\/pt-br\/hope-and-forest-fires\/","url":"https:\/\/www.black-jaguar.org\/pt-br\/hope-and-forest-fires\/","name":"UMA HIST\u00d3RIA DE ESPERAN\u00c7A ENQUANTO A AMAZ\u00d4NIA E O CERRADO EST\u00c3O QUEIMANDO - Black Jaguar Foundation","isPartOf":{"@id":"https:\/\/www.black-jaguar.org\/pt-br\/#website"},"primaryImageOfPage":{"@id":"https:\/\/www.black-jaguar.org\/pt-br\/hope-and-forest-fires\/#primaryimage"},"image":{"@id":"https:\/\/www.black-jaguar.org\/pt-br\/hope-and-forest-fires\/#primaryimage"},"thumbnailUrl":"https:\/\/www.black-jaguar.org\/wp-content\/uploads\/2019\/08\/WhatsApp-Image-2019-08-22-at-16.54.31.jpeg","datePublished":"2019-08-23T09:28:40+00:00","dateModified":"2022-02-11T14:26:32+00:00","breadcrumb":{"@id":"https:\/\/www.black-jaguar.org\/pt-br\/hope-and-forest-fires\/#breadcrumb"},"inLanguage":"pt-BR","potentialAction":[{"@type":"ReadAction","target":["https:\/\/www.black-jaguar.org\/pt-br\/hope-and-forest-fires\/"]}]},{"@type":"ImageObject","inLanguage":"pt-BR","@id":"https:\/\/www.black-jaguar.org\/pt-br\/hope-and-forest-fires\/#primaryimage","url":"https:\/\/www.black-jaguar.org\/wp-content\/uploads\/2019\/08\/WhatsApp-Image-2019-08-22-at-16.54.31.jpeg","contentUrl":"https:\/\/www.black-jaguar.org\/wp-content\/uploads\/2019\/08\/WhatsApp-Image-2019-08-22-at-16.54.31.jpeg","width":890,"height":719},{"@type":"BreadcrumbList","@id":"https:\/\/www.black-jaguar.org\/pt-br\/hope-and-forest-fires\/#breadcrumb","itemListElement":[{"@type":"ListItem","position":1,"name":"Home","item":"https:\/\/www.black-jaguar.org\/pt-br\/"},{"@type":"ListItem","position":2,"name":"UMA HIST\u00d3RIA DE ESPERAN\u00c7A ENQUANTO A AMAZ\u00d4NIA E O CERRADO EST\u00c3O QUEIMANDO"}]},{"@type":"WebSite","@id":"https:\/\/www.black-jaguar.org\/pt-br\/#website","url":"https:\/\/www.black-jaguar.org\/pt-br\/","name":"Black Jaguar Foundation","description":"realising the largest biodiversity corridor on earth","publisher":{"@id":"https:\/\/www.black-jaguar.org\/pt-br\/#organization"},"potentialAction":[{"@type":"SearchAction","target":{"@type":"EntryPoint","urlTemplate":"https:\/\/www.black-jaguar.org\/pt-br\/?s={search_term_string}"},"query-input":{"@type":"PropertyValueSpecification","valueRequired":true,"valueName":"search_term_string"}}],"inLanguage":"pt-BR"},{"@type":"Organization","@id":"https:\/\/www.black-jaguar.org\/pt-br\/#organization","name":"Black Jaguar Foundation","url":"https:\/\/www.black-jaguar.org\/pt-br\/","logo":{"@type":"ImageObject","inLanguage":"pt-BR","@id":"https:\/\/www.black-jaguar.org\/pt-br\/#\/schema\/logo\/image\/","url":"https:\/\/www.black-jaguar.org\/wp-content\/uploads\/2021\/07\/2.-PNG_BJF_LOGO_21_April_2020-1.png","contentUrl":"https:\/\/www.black-jaguar.org\/wp-content\/uploads\/2021\/07\/2.-PNG_BJF_LOGO_21_April_2020-1.png","width":519,"height":537,"caption":"Black Jaguar Foundation"},"image":{"@id":"https:\/\/www.black-jaguar.org\/pt-br\/#\/schema\/logo\/image\/"}},{"@type":"Person","@id":"https:\/\/www.black-jaguar.org\/pt-br\/#\/schema\/person\/b0deb6c19a6e1b6e5b0997ae6bc4eed2","name":"Joel Boele","image":{"@type":"ImageObject","inLanguage":"pt-BR","@id":"https:\/\/secure.gravatar.com\/avatar\/641bd29f4f78f273565abc1af65a1ab3207242023214c92fbd894cc6bd5eaf43?s=96&d=mm&r=g","url":"https:\/\/secure.gravatar.com\/avatar\/641bd29f4f78f273565abc1af65a1ab3207242023214c92fbd894cc6bd5eaf43?s=96&d=mm&r=g","contentUrl":"https:\/\/secure.gravatar.com\/avatar\/641bd29f4f78f273565abc1af65a1ab3207242023214c92fbd894cc6bd5eaf43?s=96&d=mm&r=g","caption":"Joel Boele"},"url":"https:\/\/www.black-jaguar.org\/pt-br\/author\/joel-boele\/"}]}},"_links":{"self":[{"href":"https:\/\/www.black-jaguar.org\/pt-br\/wp-json\/wp\/v2\/posts\/16294","targetHints":{"allow":["GET"]}}],"collection":[{"href":"https:\/\/www.black-jaguar.org\/pt-br\/wp-json\/wp\/v2\/posts"}],"about":[{"href":"https:\/\/www.black-jaguar.org\/pt-br\/wp-json\/wp\/v2\/types\/post"}],"author":[{"embeddable":true,"href":"https:\/\/www.black-jaguar.org\/pt-br\/wp-json\/wp\/v2\/users\/33"}],"replies":[{"embeddable":true,"href":"https:\/\/www.black-jaguar.org\/pt-br\/wp-json\/wp\/v2\/comments?post=16294"}],"version-history":[{"count":1,"href":"https:\/\/www.black-jaguar.org\/pt-br\/wp-json\/wp\/v2\/posts\/16294\/revisions"}],"predecessor-version":[{"id":27819,"href":"https:\/\/www.black-jaguar.org\/pt-br\/wp-json\/wp\/v2\/posts\/16294\/revisions\/27819"}],"wp:featuredmedia":[{"embeddable":true,"href":"https:\/\/www.black-jaguar.org\/pt-br\/wp-json\/wp\/v2\/media\/16149"}],"wp:attachment":[{"href":"https:\/\/www.black-jaguar.org\/pt-br\/wp-json\/wp\/v2\/media?parent=16294"}],"wp:term":[{"taxonomy":"category","embeddable":true,"href":"https:\/\/www.black-jaguar.org\/pt-br\/wp-json\/wp\/v2\/categories?post=16294"},{"taxonomy":"post_tag","embeddable":true,"href":"https:\/\/www.black-jaguar.org\/pt-br\/wp-json\/wp\/v2\/tags?post=16294"}],"curies":[{"name":"wp","href":"https:\/\/api.w.org\/{rel}","templated":true}]}}